{"id":734,"date":"2021-01-12T13:39:39","date_gmt":"2021-01-12T12:39:39","guid":{"rendered":"https:\/\/www.schuh-keller.de\/blog\/?p=734"},"modified":"2025-02-19T15:37:47","modified_gmt":"2025-02-19T14:37:47","slug":"wanderschuhe-wachsen-so-pflegst-du-deinen-schuh-richtig","status":"publish","type":"post","link":"https:\/\/www.schuh-keller.de\/blog\/wanderschuhe-wachsen-so-pflegst-du-deinen-schuh-richtig\/","title":{"rendered":"Wanderschuhe wachsen \u2013 so pflegst du deinen Schuh richtig"},"content":{"rendered":"<p>[et_pb_section fb_built=&#8220;1&#8243; _builder_version=&#8220;4.16&#8243; custom_padding=&#8220;||5px|||&#8220; global_colors_info=&#8220;{}&#8220;][et_pb_row _builder_version=&#8220;4.16&#8243; global_colors_info=&#8220;{}&#8220;][et_pb_column type=&#8220;4_4&#8243; _builder_version=&#8220;4.16&#8243; global_colors_info=&#8220;{}&#8220;][et_pb_text _builder_version=&#8220;4.16&#8243; global_colors_info=&#8220;{}&#8220;]<\/p>\n<p><cite><strong>Die Frage aller Fragen beim Wanderschuh: Sollte man die Wanderschuhe wachsen oder nicht? W\u00e4hrend die einen darauf schw\u00f6ren, raten andere davon ab. Dennoch gilt, wenn du einen hochwertigen Wanderschuh aus Leder besitzt, geh\u00f6rt das Wachsen zur richtigen Pflege in jedem Fall dazu. Denn genauso, wie ein Auto regelm\u00e4\u00dfig zum \u00d6lwechsel muss, m\u00fcssen auch Wanderschuhe, die entsprechenden Strapazen ausgesetzt werden, regelm\u00e4\u00dfig gewachst werden. <\/strong><\/cite><\/p>\n<p>[\/et_pb_text][et_pb_text _builder_version=&#8220;4.16&#8243; _module_preset=&#8220;default&#8220; global_colors_info=&#8220;{}&#8220;]Deshalb m\u00f6chten wir in diesem Beitrag darauf eingehen, warum das Wachsen von Wanderschuhen so wichtig ist und wie du Wanderschuhe richtig wachst. Selbstverst\u00e4ndlich k\u00f6nnen die Tipps &#038; Tricks dieses Beitrags f\u00fcr die verschiedensten Wanderschuhmarken eingesetzt werden![\/et_pb_text][\/et_pb_column][\/et_pb_row][\/et_pb_section][et_pb_section fb_built=&#8220;1&#8243; _builder_version=&#8220;4.16&#8243; custom_padding=&#8220;1px||0px|||&#8220; global_colors_info=&#8220;{}&#8220;][et_pb_row _builder_version=&#8220;4.16&#8243; global_colors_info=&#8220;{}&#8220;][et_pb_column type=&#8220;4_4&#8243; _builder_version=&#8220;4.16&#8243; global_colors_info=&#8220;{}&#8220;][et_pb_text _builder_version=&#8220;4.16&#8243; global_colors_info=&#8220;{}&#8220;]<\/p>\n<h2>Warum geh\u00f6rt das Wanderschuhe wachsen zur Wanderschuh-Pflege?<\/h2>\n<p>[\/et_pb_text][et_pb_text _builder_version=&#8220;4.16&#8243; global_colors_info=&#8220;{}&#8220;]<\/p>\n<p>Beim Wanderschuhe wachsen kommen wachshaltige Cremes zum Einsatz, die speziell auf die Bed\u00fcrfnisse von Leder abgestimmt sind. Diese sorgen daf\u00fcr, dass das Material gen\u00e4hrt wird, die N\u00e4hte gesch\u00fctzt werden und der Bergschuh \u00fcber Jahre hinweg geschmeidig bleibt und nicht rau wird. Ein Spray hingegen impr\u00e4gniert den Schuh, sorgt f\u00fcr die wasserabweisenden Eigenschaften und garantiert die Dichtigkeit beim Wandern. Auch Verschmutzungen haben deutlich weniger Chancen sich festzusetzen.<\/p>\n<p>Das Ergebnis des regelm\u00e4\u00dfigen Wachsens von Wanderschuhen: Du erh\u00f6hst die Lebensdauer und hast deutlich l\u00e4nger Freude mit deinem Bergschuh. Da hochwertige Berg- bzw. Wanderschuhe durchaus auch als ein Investment zu sehen sind, m\u00f6chte man seinen Schuhen dementsprechend auch die bestm\u00f6gliche Pflege geben. Einmal eingelaufen gibt es n\u00e4mlich kaum jemanden, der freiwillig auf sein liebstes Paar Wanderschuhe verzichten w\u00fcrde. Mit dem Wachsen eurer Schuhe macht ihr also nicht nur den Schuh, sondern in erster Linie auch euch selbst \u201ehappy\u201c!<\/p>\n<p>[\/et_pb_text][\/et_pb_column][\/et_pb_row][et_pb_row _builder_version=&#8220;4.16&#8243; _module_preset=&#8220;default&#8220; custom_padding=&#8220;0px|||||&#8220; global_colors_info=&#8220;{}&#8220;][et_pb_column type=&#8220;4_4&#8243; _builder_version=&#8220;4.16&#8243; _module_preset=&#8220;default&#8220; global_colors_info=&#8220;{}&#8220;][et_pb_text _builder_version=&#8220;4.16&#8243; _module_preset=&#8220;default&#8220; global_colors_info=&#8220;{}&#8220;]<\/p>\n<h2>Die Vorbereitung f\u00fcr das Wanderschuhe wachsen<\/h2>\n<p>[\/et_pb_text][et_pb_text _builder_version=&#8220;4.16&#8243; _module_preset=&#8220;default&#8220; global_colors_info=&#8220;{}&#8220;]Um am Ende einen perfekt gewachsten Wanderschuh zu erhalten, ist eine gute Vorbereitung n\u00f6tig. Suche dir einen sauberen Arbeitsplatz und sch\u00fctze den Untergrund mit Papier oder Stoff. Lege deine Arbeitsutensilien griffbereit. Dazu geh\u00f6ren das Schuhwachs deiner Wahl, ein Impr\u00e4gnierspray und eventuell ein weiches, trockenes Tuch. <\/p>\n<p>Wir pers\u00f6nlich empfehlen jedoch das Auftragen mit dem Finger. Aufgrund der K\u00f6rpertemperatur l\u00e4sst sich das Wachs so besser auf der Oberfl\u00e4che des Wanderschuhs verteilen und du hast ein gutes Gef\u00fchl daf\u00fcr, wie viel Wachs es braucht. Wer das h\u00f6chste Ma\u00df an Pflege f\u00fcr seine Schuhe haben m\u00f6chte, der muss eben auch bereit sein sich selbst ein wenig dreckig zu machen![\/et_pb_text][\/et_pb_column][\/et_pb_row][et_pb_row _builder_version=&#8220;4.16&#8243; _module_preset=&#8220;default&#8220; custom_padding=&#8220;0px|||||&#8220; global_colors_info=&#8220;{}&#8220;][et_pb_column type=&#8220;4_4&#8243; _builder_version=&#8220;4.16&#8243; _module_preset=&#8220;default&#8220; global_colors_info=&#8220;{}&#8220;][et_pb_text _builder_version=&#8220;4.16&#8243; _module_preset=&#8220;default&#8220; global_colors_info=&#8220;{}&#8220;]<\/p>\n<h2>4 Tipps f\u00fcr das Wachsen von Wanderschuhen \u2013 so wird\u2019s gemacht!<\/h2>\n<p>[\/et_pb_text][et_pb_text _builder_version=&#8220;4.16&#8243; _module_preset=&#8220;default&#8220; global_colors_info=&#8220;{}&#8220;]Grunds\u00e4tzlich ist das korrekte Wachsen von Wanderschuhen keine komplizierte Angelegenheit.<br \/>\nTrotzdem gibt es einige Tipps, die die einzelnen Arbeitsschritte deutlich erleichtern:[\/et_pb_text][et_pb_text _builder_version=&#8220;4.16&#8243; _module_preset=&#8220;default&#8220; global_colors_info=&#8220;{}&#8220;]<\/p>\n<ul>\n<li>Der Wanderschuh sollte f\u00fcr das Wachsen Zimmertemperatur haben. An einem sonnigen Tag kannst du diese schnell in der Fensterbank aufw\u00e4rmen. Ansonsten lasse deinen Schuhen \u00fcber Nacht Zeit sich der Raumtemperatur anzupassen.<\/li>\n<li>Beim Wanderschuh wachsen gilt: weniger ist mehr. Zuviel Wachs kann die Poren verstopfen, zu wenig macht das Leder mit der Zeit trocken. Daher solltest du immer mit einer kleinen Menge beginnen und lieber zweimal hintereinander d\u00fcnn als einmal zu dick auftragen.<\/li>\n<li>Massiere das Wachs gr\u00fcndlich ein und achte darauf es gleichm\u00e4\u00dfig auf allen Stellen aufzutragen. Mit der Zeit bekommst du auf nat\u00fcrliche Art und Weise ein Gef\u00fchl daf\u00fcr, wann dein Schuh \u201egenug hat\u201c und wann er noch ein wenig mehr Wachs vertr\u00e4gt.<\/li>\n<li>Sollte es doch einmal zu viel Wachs geworden sein: einfach kurz mit einem F\u00f6hn antrocknen und danach erneut einmassieren. Mit diesem kleinen Trick sorgst du daf\u00fcr, dass du quasi immer die richtige Menge an Wachs auf deinem Wanderschuh aufgetragen wird.<\/li>\n<\/ul>\n<p>[\/et_pb_text][\/et_pb_column][\/et_pb_row][et_pb_row _builder_version=&#8220;4.16&#8243; _module_preset=&#8220;default&#8220; custom_padding=&#8220;0px|||||&#8220; global_colors_info=&#8220;{}&#8220;][et_pb_column type=&#8220;4_4&#8243; _builder_version=&#8220;4.16&#8243; _module_preset=&#8220;default&#8220; global_colors_info=&#8220;{}&#8220;][et_pb_text _builder_version=&#8220;4.16&#8243; _module_preset=&#8220;default&#8220; global_colors_info=&#8220;{}&#8220;]<\/p>\n<h2>Wie oft sollte man einen Wanderschuh wachsen?<\/h2>\n<p>[\/et_pb_text][et_pb_text _builder_version=&#8220;4.16&#8243; _module_preset=&#8220;default&#8220; global_colors_info=&#8220;{}&#8220;]<\/p>\n<p>Die Frage stellt sich nat\u00fcrlich h\u00e4ufig, wenn man seinen Wanderschuh richtig pflegen m\u00f6chte. Um festzustellen, wann es n\u00f6tig ist, gibt es einen einfachen Trick: Wenn du mit dem Daumen \u00fcber das Leder f\u00e4hrst und noch eine leichte Wachssicht sp\u00fcren kannst, ist das Leder noch ausreichend gen\u00e4hrt und optimal versorgt. In dem Fall brauchst du den Wanderschuh noch nicht zu wachsen. Du tust dem Schuh Gutes, wenn du ihn einfach etwas s\u00e4uberst und mit einem Tuch leicht nachpolierst.<\/p>\n<p>Anders sieht es aus, wenn der Schuh sich trocken anf\u00fchlt. Dann bietet es sich an die Pflege etwas umfassender ausfallen zu lassen. Das bedeutet, dass du zuerst eine Impr\u00e4gnierung mit einem hochwertigen Impr\u00e4gnierspray zwei bis dreimal d\u00fcnn auftr\u00e4gst und dieses eine halbe bis dreiviertel Stunde einwirken l\u00e4sst. Im Anschluss erfolgt das Wachsen der Wanderschuhe mit einer d\u00fcnnen Wachsschicht.<\/p>\n<p>Ist das Wachs \u00fcberall aufgetragen und einmassiert, sollten die Wanderschuhe nach der Wellnessbehandlung mehrere Stunden Ruhe genie\u00dfen.<\/p>\n<p>[\/et_pb_text][\/et_pb_column][\/et_pb_row][et_pb_row _builder_version=&#8220;4.16&#8243; _module_preset=&#8220;default&#8220; custom_padding=&#8220;0px|||||&#8220; global_colors_info=&#8220;{}&#8220;][et_pb_column type=&#8220;4_4&#8243; _builder_version=&#8220;4.16&#8243; _module_preset=&#8220;default&#8220; global_colors_info=&#8220;{}&#8220;][et_pb_text _builder_version=&#8220;4.16&#8243; _module_preset=&#8220;default&#8220; global_colors_info=&#8220;{}&#8220;]<\/p>\n<h2>Welche Pflege ist die richtige f\u00fcr das Wanderschuhe wachsen?<\/h2>\n<p>[\/et_pb_text][et_pb_text _builder_version=&#8220;4.16&#8243; _module_preset=&#8220;default&#8220; global_colors_info=&#8220;{}&#8220;]Es gibt heute zahlreiche Wachse und Impr\u00e4gniersprays auf dem Markt, die man beim Wanderschuh wachsen zum Einsatz bringen kann. Wichtig ist dabei, auf die Inhaltsstoffe zu achten und m\u00f6glichst auf Produkte zur\u00fcckzugreifen, die ohne chemische Bestandteile auskommen, das Leder optimal sch\u00fctzen und es gleichzeitig weiterhin atmen lassen.[\/et_pb_text][et_pb_text _builder_version=&#8220;4.16&#8243; _module_preset=&#8220;default&#8220; global_colors_info=&#8220;{}&#8220;]<\/p>\n<p>Unsere Empfehlungen sind die <a href=\"https:\/\/www.schuh-keller.de\/outdoorschuhe-zubehoer\/collonil-outdoor-leather-wax-creme-37469.html\" title=\"Collonil LEATHER WAX Creme\">Collonil LEATHER WAX Creme<\/a> und das <a href=\"https:\/\/www.schuh-keller.de\/schuhmode-fuer-herren\/collonil-carbon-pro-impraegnierer.html\" title=\"Collonil Carbon Pro Impr\u00e4gnierspray\">Collonil Carbon Pro Impr\u00e4gnierspray<\/a>. Mit der neuartigen Technologie des Impr\u00e4gniersprays wird ein verbesserter Schutz und ein deutlich l\u00e4ngerer Halt garantiert und eine erstklassige Atmungsaktivit\u00e4t gew\u00e4hrleistet. <a href=\"https:\/\/www.schuh-keller.de\/info\/mein-kontakt.html\">Gerne beraten wir dich<\/a> hinsichtlich der Produkte f\u00fcr das Wachsen deiner Wanderschuhe, auch telefonisch unter 0621-511294.<\/p>\n<p>[\/et_pb_text][\/et_pb_column][\/et_pb_row][et_pb_row _builder_version=&#8220;4.16&#8243; _module_preset=&#8220;default&#8220; custom_padding=&#8220;0px|||||&#8220; global_colors_info=&#8220;{}&#8220;][et_pb_column type=&#8220;4_4&#8243; _builder_version=&#8220;4.16&#8243; _module_preset=&#8220;default&#8220; global_colors_info=&#8220;{}&#8220;][et_pb_text _builder_version=&#8220;4.16&#8243; _module_preset=&#8220;default&#8220; global_colors_info=&#8220;{}&#8220;]<\/p>\n<h2>Wie war das noch mal mit der Wanderschuhpflege?<\/h2>\n<p>[\/et_pb_text][et_pb_text _builder_version=&#8220;4.16&#8243; _module_preset=&#8220;default&#8220; global_colors_info=&#8220;{}&#8220;]<\/p>\n<p>Eine kleine Erinnerung an die Wanderschuhpflege wollen wir dir zum Schluss noch mit auf den Weg geben. Die ausf\u00fchrliche Beschreibung kannst du in unserem Artikel \u201e<a href=\"https:\/\/www.schuh-keller.de\/blog\/wanderschuhe-pflegen\/\" title=\"Wanderschuhe pflegen \u2013 die 3 besten Tipps f\u00fcr mehr Schuhglanz\">Wanderschuhe pflegen \u2013 die 3 besten Tipps f\u00fcr mehr Schuhglanz<\/a>\u201c nachlesen.<\/p>\n<p>[\/et_pb_text][et_pb_text _builder_version=&#8220;4.16&#8243; _module_preset=&#8220;default&#8220; global_colors_info=&#8220;{}&#8220;]<\/p>\n<ol>\n<li>Entferne die Schn\u00fcrsenkel und Innensohle.<\/li>\n<li>Befreie deinen Wanderschuh mit einer groben B\u00fcrste von Schmutz und Dreck auf der Oberfl\u00e4che und an der Sohle.<\/li>\n<li>Reinige deinen Bergschuh von au\u00dfen sowie von innen mit lauwarmen Wasser. Du kannst bei der Innenreinigung auch eine milde Reinigungsseife oder ein Sportwaschmittel hinzuf\u00fcgen.<\/li>\n<li>Lasse den Schuh f\u00fcr 2 bis 3 Tage trocken und kleide ihn dazu am besten mit Zeitungspapier aus. Die idealen Orte dazu sind der Heizungskeller oder eine gut temperierte Wohnung.<\/li>\n<li>Trage bei Bedarf im Anschluss die Impr\u00e4gnier- und Lederpflege mit Wachs auf.<\/li>\n<\/ol>\n<p>[\/et_pb_text][\/et_pb_column][\/et_pb_row][et_pb_row _builder_version=&#8220;4.16&#8243; _module_preset=&#8220;default&#8220; custom_padding=&#8220;0px|||||&#8220; global_colors_info=&#8220;{}&#8220;][et_pb_column type=&#8220;4_4&#8243; _builder_version=&#8220;4.16&#8243; _module_preset=&#8220;default&#8220; global_colors_info=&#8220;{}&#8220;][et_pb_text _builder_version=&#8220;4.16&#8243; _module_preset=&#8220;default&#8220; custom_padding=&#8220;||28px|||&#8220; global_colors_info=&#8220;{}&#8220;]<i>Du bist mit der Pflege deiner Bergschuhe nun fertig.<br \/>\nUnd: diese sehen nun garantiert wie neu aus! In diesem Sinne w\u00fcnschen wir dir ganz viel Spa\u00df auf deiner n\u00e4chsten Tour!<\/i>[\/et_pb_text][et_pb_video src=&#8220;https:\/\/www.youtube.com\/watch?v=9tf4dWAxOtE&#038;ab_channel=Schuh-Keller&#8220; _builder_version=&#8220;4.16&#8243; _module_preset=&#8220;default&#8220; global_colors_info=&#8220;{}&#8220;][\/et_pb_video][\/et_pb_column][\/et_pb_row][et_pb_row _builder_version=&#8220;4.22.1&#8243; _module_preset=&#8220;default&#8220;][et_pb_column _builder_version=&#8220;4.22.1&#8243; _module_preset=&#8220;default&#8220; type=&#8220;4_4&#8243;][et_pb_text _builder_version=&#8220;4.22.1&#8243; _module_preset=&#8220;default&#8220; hover_enabled=&#8220;0&#8243; sticky_enabled=&#8220;0&#8243;]<\/p>\n<h3>Hol dir die optimalen Pflegemittel f\u00fcr deine Wanderschuhe<\/h3>\n<p>In unserem Onlineshop findest du <a href=\"https:\/\/www.schuh-keller.de\/outdoorschuhe-zubehoer\/zubehoer-und-pflege\/pflege-und-leisten-outdoor\/\" title=\"Pflegemittel f\u00fcr Wanderschuhe\" class=\"blog_schuhe_wachsen\">alle gezeigten Pflegemittel<\/a> und noch viele weitere, die daf\u00fcr sorgen, dass du lange Freude an deinen Wanderschuhen haben wirst.[\/et_pb_text][\/et_pb_column][\/et_pb_row][et_pb_row column_structure=&#8220;1_3,1_3,1_3&#8243; _builder_version=&#8220;4.22.1&#8243; _module_preset=&#8220;default&#8220; global_colors_info=&#8220;{}&#8220; theme_builder_area=&#8220;post_content&#8220;][et_pb_column type=&#8220;1_3&#8243; _builder_version=&#8220;4.22.1&#8243; _module_preset=&#8220;default&#8220; global_colors_info=&#8220;{}&#8220; theme_builder_area=&#8220;post_content&#8220;][et_pb_text _builder_version=&#8220;4.22.1&#8243; _module_preset=&#8220;default&#8220; hover_enabled=&#8220;0&#8243; global_colors_info=&#8220;{}&#8220; theme_builder_area=&#8220;post_content&#8220; sticky_enabled=&#8220;0&#8243;]<a href=\"https:\/\/www.schuh-keller.de\/outdoorschuhe-zubehoer\/collonil-outdoor-leather-wax-creme-37469.html\"><img loading=\"lazy\" src=\"https:\/\/www.schuh-keller.de\/blog\/wp-content\/uploads\/2025\/02\/collonil_leather_wax-232x300.jpg\" width=\"232\" height=\"300\" alt=\"Collonil Leather Wax Pflegemittel\" class=\"wp-image-961 alignnone size-medium blog_schuhe_wachsen\" \/><\/a>[\/et_pb_text][et_pb_text _builder_version=&#8220;4.22.1&#8243; _module_preset=&#8220;default&#8220; hover_enabled=&#8220;0&#8243; global_colors_info=&#8220;{}&#8220; theme_builder_area=&#8220;post_content&#8220; sticky_enabled=&#8220;0&#8243;]<\/p>\n<p style=\"text-align: center;\"><a href=\"https:\/\/www.schuh-keller.de\/outdoorschuhe-zubehoer\/collonil-outdoor-leather-wax-creme-37469.html\" class=\"blog_schuhe_wachsen\">Collonil Leather Wax<\/a><\/p>\n<p>[\/et_pb_text][\/et_pb_column][et_pb_column type=&#8220;1_3&#8243; _builder_version=&#8220;4.22.1&#8243; _module_preset=&#8220;default&#8220; global_colors_info=&#8220;{}&#8220; theme_builder_area=&#8220;post_content&#8220;][et_pb_text _builder_version=&#8220;4.22.1&#8243; _module_preset=&#8220;default&#8220; hover_enabled=&#8220;0&#8243; global_colors_info=&#8220;{}&#8220; theme_builder_area=&#8220;post_content&#8220; sticky_enabled=&#8220;0&#8243;]<a href=\"https:\/\/www.schuh-keller.de\/outdoorschuhe-zubehoer\/collonil-carbon-pro-impraegnierer-54370.html\"><img loading=\"lazy\" src=\"https:\/\/www.schuh-keller.de\/blog\/wp-content\/uploads\/2025\/02\/colonil_carbon_pro-140x300.jpg\" width=\"140\" height=\"300\" alt=\"Collonil Carbon Pro Spray\" class=\"wp-image-962 alignnone size-medium blog_schuhe_wachsen\" srcset=\"https:\/\/www.schuh-keller.de\/blog\/wp-content\/uploads\/2025\/02\/colonil_carbon_pro-140x300.jpg 140w, https:\/\/www.schuh-keller.de\/blog\/wp-content\/uploads\/2025\/02\/colonil_carbon_pro.jpg 303w\" sizes=\"(max-width: 140px) 100vw, 140px\" \/><\/a>[\/et_pb_text][et_pb_text _builder_version=&#8220;4.22.1&#8243; _module_preset=&#8220;default&#8220; link_option_url=&#8220;https:\/\/www.schuh-keller.de\/advanced_search_result.php?keywords=Hanwag+Tatra+GTX&#038;inc_subcat=1&#8243; hover_enabled=&#8220;0&#8243; global_colors_info=&#8220;{}&#8220; theme_builder_area=&#8220;post_content&#8220; sticky_enabled=&#8220;0&#8243;]<\/p>\n<p style=\"text-align: center;\"><a href=\"https:\/\/www.schuh-keller.de\/outdoorschuhe-zubehoer\/collonil-carbon-pro-impraegnierer-54370.html\" class=\"blog_schuhe_wachsen\">Collonil Carbon Pro Impr\u00e4gnierer<\/a><\/p>\n<p>[\/et_pb_text][\/et_pb_column][et_pb_column type=&#8220;1_3&#8243; _builder_version=&#8220;4.22.1&#8243; _module_preset=&#8220;default&#8220; global_colors_info=&#8220;{}&#8220; theme_builder_area=&#8220;post_content&#8220;][et_pb_text _builder_version=&#8220;4.22.1&#8243; _module_preset=&#8220;default&#8220; hover_enabled=&#8220;0&#8243; global_colors_info=&#8220;{}&#8220; theme_builder_area=&#8220;post_content&#8220; sticky_enabled=&#8220;0&#8243;]<a href=\"https:\/\/www.schuh-keller.de\/outdoorschuhe-zubehoer\/kamik-sno-seal-tube-neutral.html\"><img loading=\"lazy\" src=\"https:\/\/www.schuh-keller.de\/blog\/wp-content\/uploads\/2025\/02\/sno_seal-300x225.jpg\" width=\"300\" height=\"225\" alt=\"Sno Seal Wachs f\u00fcr Wanderschuhe\" class=\"wp-image-963 alignnone size-medium blog_schuhe_wachsen\" \/><\/a>[\/et_pb_text][et_pb_text _builder_version=&#8220;4.22.1&#8243; _module_preset=&#8220;default&#8220; link_option_url=&#8220;https:\/\/www.schuh-keller.de\/advanced_search_result.php?keywords=LaSportiva+Nepal++Cube&#038;inc_subcat=1&#8243; hover_enabled=&#8220;0&#8243; global_colors_info=&#8220;{}&#8220; theme_builder_area=&#8220;post_content&#8220; sticky_enabled=&#8220;0&#8243;]<\/p>\n<p style=\"text-align: center;\"><a href=\"https:\/\/www.schuh-keller.de\/outdoorschuhe-zubehoer\/kamik-sno-seal-tube-neutral.html\"  class=\"blog_schuhe_wachsen\">Sno Seal Bienenwachs<\/a><\/p>\n<p>[\/et_pb_text][\/et_pb_column][\/et_pb_row][\/et_pb_section]<\/p>\n","protected":false},"excerpt":{"rendered":"<p>Die Frage aller Fragen beim Wanderschuh: Sollte man die Wanderschuhe wachsen oder nicht? W\u00e4hrend die einen darauf schw\u00f6ren, raten andere davon ab. Dennoch gilt, wenn du einen hochwertigen Wanderschuh aus Leder besitzt, geh\u00f6rt das Wachsen zur richtigen Pflege&#8230;<\/p>\n","protected":false},"author":2,"featured_media":736,"comment_status":"closed","ping_status":"open","sticky":true,"template":"","format":"standard","meta":{"_et_pb_use_builder":"on","_et_pb_old_content":"","_et_gb_content_width":""},"categories":[14],"tags":[],"yoast_head":"<!-- This site is optimized with the Yoast SEO plugin v17.8 - https:\/\/yoast.com\/wordpress\/plugins\/seo\/ -->\n<title>Wanderschuhe wachsen \u2013 so pflegst du deinen Schuh richtig | Blog Schuh-Keller KG<\/title>\n<meta name=\"description\" content=\"Das Wanderschuhe wachsen ist fester Bestandteil der Wanderschuh-Pflege. Wir verraten, wie Wanderschuhe lange ein sch\u00f6nes Aussehen behalten.\" \/>\n<meta name=\"robots\" content=\"index, follow, max-snippet:-1, max-image-preview:large, max-video-preview:-1\" \/>\n<link rel=\"canonical\" href=\"https:\/\/www.schuh-keller.de\/blog\/wanderschuhe-wachsen-so-pflegst-du-deinen-schuh-richtig\/\" \/>\n<meta property=\"og:locale\" content=\"de_DE\" \/>\n<meta property=\"og:type\" content=\"article\" \/>\n<meta property=\"og:title\" content=\"Wanderschuhe wachsen \u2013 so pflegst du deinen Schuh richtig | Blog Schuh-Keller KG\" \/>\n<meta property=\"og:description\" content=\"Das Wanderschuhe wachsen ist fester Bestandteil der Wanderschuh-Pflege. Wir verraten, wie Wanderschuhe lange ein sch\u00f6nes Aussehen behalten.\" \/>\n<meta property=\"og:url\" content=\"https:\/\/www.schuh-keller.de\/blog\/wanderschuhe-wachsen-so-pflegst-du-deinen-schuh-richtig\/\" \/>\n<meta property=\"og:site_name\" content=\"Blog Schuh-Keller KG\" \/>\n<meta property=\"article:publisher\" content=\"https:\/\/www.facebook.com\/pg\/schuhkeller.de\" \/>\n<meta property=\"article:published_time\" content=\"2021-01-12T12:39:39+00:00\" \/>\n<meta property=\"article:modified_time\" content=\"2025-02-19T14:37:47+00:00\" \/>\n<meta property=\"og:image\" content=\"https:\/\/www.schuh-keller.de\/blog\/wp-content\/uploads\/2021\/01\/header_wanderschuhe_wachsen-min.jpg\" \/>\n\t<meta property=\"og:image:width\" content=\"1080\" \/>\n\t<meta property=\"og:image:height\" content=\"675\" \/>\n<meta name=\"twitter:card\" content=\"summary_large_image\" \/>\n<meta name=\"twitter:label1\" content=\"Verfasst von\" \/>\n\t<meta name=\"twitter:data1\" content=\"Richard\" \/>\n\t<meta name=\"twitter:label2\" content=\"Gesch\u00e4tzte Lesezeit\" \/>\n\t<meta name=\"twitter:data2\" content=\"5\u00a0Minuten\" \/>\n<script type=\"application\/ld+json\" class=\"yoast-schema-graph\">{\"@context\":\"https:\/\/schema.org\",\"@graph\":[{\"@type\":\"Organization\",\"@id\":\"https:\/\/www.schuh-keller.de\/blog\/#organization\",\"name\":\"Schuh-Keller KG\",\"url\":\"https:\/\/www.schuh-keller.de\/blog\/\",\"sameAs\":[\"https:\/\/www.facebook.com\/pg\/schuhkeller.de\",\"https:\/\/www.instagram.com\/schuhkeller\/?hl=de\"],\"logo\":{\"@type\":\"ImageObject\",\"@id\":\"https:\/\/www.schuh-keller.de\/blog\/#logo\",\"inLanguage\":\"de\",\"url\":\"https:\/\/www.schuh-keller.de\/blog\/wp-content\/uploads\/2019\/09\/schuh-keller_logo_2017.png\",\"contentUrl\":\"https:\/\/www.schuh-keller.de\/blog\/wp-content\/uploads\/2019\/09\/schuh-keller_logo_2017.png\",\"width\":169,\"height\":69,\"caption\":\"Schuh-Keller KG\"},\"image\":{\"@id\":\"https:\/\/www.schuh-keller.de\/blog\/#logo\"}},{\"@type\":\"WebSite\",\"@id\":\"https:\/\/www.schuh-keller.de\/blog\/#website\",\"url\":\"https:\/\/www.schuh-keller.de\/blog\/\",\"name\":\"Blog Schuh-Keller KG\",\"description\":\"Das aktuelle Blog \\u00fcber Schuhe\",\"publisher\":{\"@id\":\"https:\/\/www.schuh-keller.de\/blog\/#organization\"},\"potentialAction\":[{\"@type\":\"SearchAction\",\"target\":{\"@type\":\"EntryPoint\",\"urlTemplate\":\"https:\/\/www.schuh-keller.de\/blog\/?s={search_term_string}\"},\"query-input\":\"required name=search_term_string\"}],\"inLanguage\":\"de\"},{\"@type\":\"ImageObject\",\"@id\":\"https:\/\/www.schuh-keller.de\/blog\/wanderschuhe-wachsen-so-pflegst-du-deinen-schuh-richtig\/#primaryimage\",\"inLanguage\":\"de\",\"url\":\"https:\/\/www.schuh-keller.de\/blog\/wp-content\/uploads\/2021\/01\/header_wanderschuhe_wachsen-min.jpg\",\"contentUrl\":\"https:\/\/www.schuh-keller.de\/blog\/wp-content\/uploads\/2021\/01\/header_wanderschuhe_wachsen-min.jpg\",\"width\":1080,\"height\":675,\"caption\":\"Wanderschuhe wachsen\"},{\"@type\":\"WebPage\",\"@id\":\"https:\/\/www.schuh-keller.de\/blog\/wanderschuhe-wachsen-so-pflegst-du-deinen-schuh-richtig\/#webpage\",\"url\":\"https:\/\/www.schuh-keller.de\/blog\/wanderschuhe-wachsen-so-pflegst-du-deinen-schuh-richtig\/\",\"name\":\"Wanderschuhe wachsen \\u2013 so pflegst du deinen Schuh richtig | Blog Schuh-Keller KG\",\"isPartOf\":{\"@id\":\"https:\/\/www.schuh-keller.de\/blog\/#website\"},\"primaryImageOfPage\":{\"@id\":\"https:\/\/www.schuh-keller.de\/blog\/wanderschuhe-wachsen-so-pflegst-du-deinen-schuh-richtig\/#primaryimage\"},\"datePublished\":\"2021-01-12T12:39:39+00:00\",\"dateModified\":\"2025-02-19T14:37:47+00:00\",\"description\":\"Das Wanderschuhe wachsen ist fester Bestandteil der Wanderschuh-Pflege. Wir verraten, wie Wanderschuhe lange ein sch\\u00f6nes Aussehen behalten.\",\"breadcrumb\":{\"@id\":\"https:\/\/www.schuh-keller.de\/blog\/wanderschuhe-wachsen-so-pflegst-du-deinen-schuh-richtig\/#breadcrumb\"},\"inLanguage\":\"de\",\"potentialAction\":[{\"@type\":\"ReadAction\",\"target\":[\"https:\/\/www.schuh-keller.de\/blog\/wanderschuhe-wachsen-so-pflegst-du-deinen-schuh-richtig\/\"]}]},{\"@type\":\"BreadcrumbList\",\"@id\":\"https:\/\/www.schuh-keller.de\/blog\/wanderschuhe-wachsen-so-pflegst-du-deinen-schuh-richtig\/#breadcrumb\",\"itemListElement\":[{\"@type\":\"ListItem\",\"position\":1,\"name\":\"Startseite\",\"item\":\"https:\/\/www.schuh-keller.de\/blog\/\"},{\"@type\":\"ListItem\",\"position\":2,\"name\":\"Wanderschuhe wachsen \\u2013 so pflegst du deinen Schuh richtig\"}]},{\"@type\":\"Article\",\"@id\":\"https:\/\/www.schuh-keller.de\/blog\/wanderschuhe-wachsen-so-pflegst-du-deinen-schuh-richtig\/#article\",\"isPartOf\":{\"@id\":\"https:\/\/www.schuh-keller.de\/blog\/wanderschuhe-wachsen-so-pflegst-du-deinen-schuh-richtig\/#webpage\"},\"author\":{\"@id\":\"https:\/\/www.schuh-keller.de\/blog\/#\/schema\/person\/aa3b07fc993c55c27c692f5701f170a6\"},\"headline\":\"Wanderschuhe wachsen \\u2013 so pflegst du deinen Schuh richtig\",\"datePublished\":\"2021-01-12T12:39:39+00:00\",\"dateModified\":\"2025-02-19T14:37:47+00:00\",\"mainEntityOfPage\":{\"@id\":\"https:\/\/www.schuh-keller.de\/blog\/wanderschuhe-wachsen-so-pflegst-du-deinen-schuh-richtig\/#webpage\"},\"wordCount\":1945,\"publisher\":{\"@id\":\"https:\/\/www.schuh-keller.de\/blog\/#organization\"},\"image\":{\"@id\":\"https:\/\/www.schuh-keller.de\/blog\/wanderschuhe-wachsen-so-pflegst-du-deinen-schuh-richtig\/#primaryimage\"},\"thumbnailUrl\":\"https:\/\/www.schuh-keller.de\/blog\/wp-content\/uploads\/2021\/01\/header_wanderschuhe_wachsen-min.jpg\",\"articleSection\":[\"Wanderschuhe\"],\"inLanguage\":\"de\"},{\"@type\":\"Person\",\"@id\":\"https:\/\/www.schuh-keller.de\/blog\/#\/schema\/person\/aa3b07fc993c55c27c692f5701f170a6\",\"name\":\"Richard\",\"image\":{\"@type\":\"ImageObject\",\"@id\":\"https:\/\/www.schuh-keller.de\/blog\/#personlogo\",\"inLanguage\":\"de\",\"url\":\"https:\/\/secure.gravatar.com\/avatar\/ad320097e0d61e6a8437e19ebb37fdd4?s=96&d=mm&r=g\",\"contentUrl\":\"https:\/\/secure.gravatar.com\/avatar\/ad320097e0d61e6a8437e19ebb37fdd4?s=96&d=mm&r=g\",\"caption\":\"Richard\"}}]}<\/script>\n<!-- \/ Yoast SEO plugin. -->","yoast_head_json":{"title":"Wanderschuhe wachsen \u2013 so pflegst du deinen Schuh richtig | Blog Schuh-Keller KG","description":"Das Wanderschuhe wachsen ist fester Bestandteil der Wanderschuh-Pflege. Wir verraten, wie Wanderschuhe lange ein sch\u00f6nes Aussehen behalten.","robots":{"index":"index","follow":"follow","max-snippet":"max-snippet:-1","max-image-preview":"max-image-preview:large","max-video-preview":"max-video-preview:-1"},"canonical":"https:\/\/www.schuh-keller.de\/blog\/wanderschuhe-wachsen-so-pflegst-du-deinen-schuh-richtig\/","og_locale":"de_DE","og_type":"article","og_title":"Wanderschuhe wachsen \u2013 so pflegst du deinen Schuh richtig | Blog Schuh-Keller KG","og_description":"Das Wanderschuhe wachsen ist fester Bestandteil der Wanderschuh-Pflege. Wir verraten, wie Wanderschuhe lange ein sch\u00f6nes Aussehen behalten.","og_url":"https:\/\/www.schuh-keller.de\/blog\/wanderschuhe-wachsen-so-pflegst-du-deinen-schuh-richtig\/","og_site_name":"Blog Schuh-Keller KG","article_publisher":"https:\/\/www.facebook.com\/pg\/schuhkeller.de","article_published_time":"2021-01-12T12:39:39+00:00","article_modified_time":"2025-02-19T14:37:47+00:00","og_image":[{"width":1080,"height":675,"url":"https:\/\/www.schuh-keller.de\/blog\/wp-content\/uploads\/2021\/01\/header_wanderschuhe_wachsen-min.jpg","type":"image\/jpeg"}],"twitter_card":"summary_large_image","twitter_misc":{"Verfasst von":"Richard","Gesch\u00e4tzte Lesezeit":"5\u00a0Minuten"},"schema":{"@context":"https:\/\/schema.org","@graph":[{"@type":"Organization","@id":"https:\/\/www.schuh-keller.de\/blog\/#organization","name":"Schuh-Keller KG","url":"https:\/\/www.schuh-keller.de\/blog\/","sameAs":["https:\/\/www.facebook.com\/pg\/schuhkeller.de","https:\/\/www.instagram.com\/schuhkeller\/?hl=de"],"logo":{"@type":"ImageObject","@id":"https:\/\/www.schuh-keller.de\/blog\/#logo","inLanguage":"de","url":"https:\/\/www.schuh-keller.de\/blog\/wp-content\/uploads\/2019\/09\/schuh-keller_logo_2017.png","contentUrl":"https:\/\/www.schuh-keller.de\/blog\/wp-content\/uploads\/2019\/09\/schuh-keller_logo_2017.png","width":169,"height":69,"caption":"Schuh-Keller KG"},"image":{"@id":"https:\/\/www.schuh-keller.de\/blog\/#logo"}},{"@type":"WebSite","@id":"https:\/\/www.schuh-keller.de\/blog\/#website","url":"https:\/\/www.schuh-keller.de\/blog\/","name":"Blog Schuh-Keller KG","description":"Das aktuelle Blog \u00fcber Schuhe","publisher":{"@id":"https:\/\/www.schuh-keller.de\/blog\/#organization"},"potentialAction":[{"@type":"SearchAction","target":{"@type":"EntryPoint","urlTemplate":"https:\/\/www.schuh-keller.de\/blog\/?s={search_term_string}"},"query-input":"required name=search_term_string"}],"inLanguage":"de"},{"@type":"ImageObject","@id":"https:\/\/www.schuh-keller.de\/blog\/wanderschuhe-wachsen-so-pflegst-du-deinen-schuh-richtig\/#primaryimage","inLanguage":"de","url":"https:\/\/www.schuh-keller.de\/blog\/wp-content\/uploads\/2021\/01\/header_wanderschuhe_wachsen-min.jpg","contentUrl":"https:\/\/www.schuh-keller.de\/blog\/wp-content\/uploads\/2021\/01\/header_wanderschuhe_wachsen-min.jpg","width":1080,"height":675,"caption":"Wanderschuhe wachsen"},{"@type":"WebPage","@id":"https:\/\/www.schuh-keller.de\/blog\/wanderschuhe-wachsen-so-pflegst-du-deinen-schuh-richtig\/#webpage","url":"https:\/\/www.schuh-keller.de\/blog\/wanderschuhe-wachsen-so-pflegst-du-deinen-schuh-richtig\/","name":"Wanderschuhe wachsen \u2013 so pflegst du deinen Schuh richtig | Blog Schuh-Keller KG","isPartOf":{"@id":"https:\/\/www.schuh-keller.de\/blog\/#website"},"primaryImageOfPage":{"@id":"https:\/\/www.schuh-keller.de\/blog\/wanderschuhe-wachsen-so-pflegst-du-deinen-schuh-richtig\/#primaryimage"},"datePublished":"2021-01-12T12:39:39+00:00","dateModified":"2025-02-19T14:37:47+00:00","description":"Das Wanderschuhe wachsen ist fester Bestandteil der Wanderschuh-Pflege. Wir verraten, wie Wanderschuhe lange ein sch\u00f6nes Aussehen behalten.","breadcrumb":{"@id":"https:\/\/www.schuh-keller.de\/blog\/wanderschuhe-wachsen-so-pflegst-du-deinen-schuh-richtig\/#breadcrumb"},"inLanguage":"de","potentialAction":[{"@type":"ReadAction","target":["https:\/\/www.schuh-keller.de\/blog\/wanderschuhe-wachsen-so-pflegst-du-deinen-schuh-richtig\/"]}]},{"@type":"BreadcrumbList","@id":"https:\/\/www.schuh-keller.de\/blog\/wanderschuhe-wachsen-so-pflegst-du-deinen-schuh-richtig\/#breadcrumb","itemListElement":[{"@type":"ListItem","position":1,"name":"Startseite","item":"https:\/\/www.schuh-keller.de\/blog\/"},{"@type":"ListItem","position":2,"name":"Wanderschuhe wachsen \u2013 so pflegst du deinen Schuh richtig"}]},{"@type":"Article","@id":"https:\/\/www.schuh-keller.de\/blog\/wanderschuhe-wachsen-so-pflegst-du-deinen-schuh-richtig\/#article","isPartOf":{"@id":"https:\/\/www.schuh-keller.de\/blog\/wanderschuhe-wachsen-so-pflegst-du-deinen-schuh-richtig\/#webpage"},"author":{"@id":"https:\/\/www.schuh-keller.de\/blog\/#\/schema\/person\/aa3b07fc993c55c27c692f5701f170a6"},"headline":"Wanderschuhe wachsen \u2013 so pflegst du deinen Schuh richtig","datePublished":"2021-01-12T12:39:39+00:00","dateModified":"2025-02-19T14:37:47+00:00","mainEntityOfPage":{"@id":"https:\/\/www.schuh-keller.de\/blog\/wanderschuhe-wachsen-so-pflegst-du-deinen-schuh-richtig\/#webpage"},"wordCount":1945,"publisher":{"@id":"https:\/\/www.schuh-keller.de\/blog\/#organization"},"image":{"@id":"https:\/\/www.schuh-keller.de\/blog\/wanderschuhe-wachsen-so-pflegst-du-deinen-schuh-richtig\/#primaryimage"},"thumbnailUrl":"https:\/\/www.schuh-keller.de\/blog\/wp-content\/uploads\/2021\/01\/header_wanderschuhe_wachsen-min.jpg","articleSection":["Wanderschuhe"],"inLanguage":"de"},{"@type":"Person","@id":"https:\/\/www.schuh-keller.de\/blog\/#\/schema\/person\/aa3b07fc993c55c27c692f5701f170a6","name":"Richard","image":{"@type":"ImageObject","@id":"https:\/\/www.schuh-keller.de\/blog\/#personlogo","inLanguage":"de","url":"https:\/\/secure.gravatar.com\/avatar\/ad320097e0d61e6a8437e19ebb37fdd4?s=96&d=mm&r=g","contentUrl":"https:\/\/secure.gravatar.com\/avatar\/ad320097e0d61e6a8437e19ebb37fdd4?s=96&d=mm&r=g","caption":"Richard"}}]}},"_links":{"self":[{"href":"https:\/\/www.schuh-keller.de\/blog\/wp-json\/wp\/v2\/posts\/734"}],"collection":[{"href":"https:\/\/www.schuh-keller.de\/blog\/wp-json\/wp\/v2\/posts"}],"about":[{"href":"https:\/\/www.schuh-keller.de\/blog\/wp-json\/wp\/v2\/types\/post"}],"author":[{"embeddable":true,"href":"https:\/\/www.schuh-keller.de\/blog\/wp-json\/wp\/v2\/users\/2"}],"replies":[{"embeddable":true,"href":"https:\/\/www.schuh-keller.de\/blog\/wp-json\/wp\/v2\/comments?post=734"}],"version-history":[{"count":15,"href":"https:\/\/www.schuh-keller.de\/blog\/wp-json\/wp\/v2\/posts\/734\/revisions"}],"predecessor-version":[{"id":966,"href":"https:\/\/www.schuh-keller.de\/blog\/wp-json\/wp\/v2\/posts\/734\/revisions\/966"}],"wp:featuredmedia":[{"embeddable":true,"href":"https:\/\/www.schuh-keller.de\/blog\/wp-json\/wp\/v2\/media\/736"}],"wp:attachment":[{"href":"https:\/\/www.schuh-keller.de\/blog\/wp-json\/wp\/v2\/media?parent=734"}],"wp:term":[{"taxonomy":"category","embeddable":true,"href":"https:\/\/www.schuh-keller.de\/blog\/wp-json\/wp\/v2\/categories?post=734"},{"taxonomy":"post_tag","embeddable":true,"href":"https:\/\/www.schuh-keller.de\/blog\/wp-json\/wp\/v2\/tags?post=734"}],"curies":[{"name":"wp","href":"https:\/\/api.w.org\/{rel}","templated":true}]}}