{"id":632,"date":"2020-08-05T14:42:58","date_gmt":"2020-08-05T12:42:58","guid":{"rendered":"https:\/\/www.schuh-keller.de\/blog\/?p=632"},"modified":"2025-02-18T18:27:03","modified_gmt":"2025-02-18T17:27:03","slug":"wanderschuhe-wie-viel-nummern-groesser","status":"publish","type":"post","link":"https:\/\/www.schuh-keller.de\/blog\/wanderschuhe-wie-viel-nummern-groesser\/","title":{"rendered":"Wanderschuhe \u2013 wie viel Nummern gr\u00f6\u00dfer sollten sie sein?"},"content":{"rendered":"<p>[et_pb_section fb_built=&#8220;1&#8243; _builder_version=&#8220;4.16&#8243; custom_padding=&#8220;||5px|||&#8220; global_colors_info=&#8220;{}&#8220;][et_pb_row _builder_version=&#8220;4.16&#8243; global_colors_info=&#8220;{}&#8220;][et_pb_column type=&#8220;4_4&#8243; _builder_version=&#8220;4.16&#8243; global_colors_info=&#8220;{}&#8220;][et_pb_text _builder_version=&#8220;4.16&#8243; global_colors_info=&#8220;{}&#8220;]<\/p>\n<p><strong>Wer die <a href=\"https:\/\/www.schuh-keller.de\/outdoorschuhe-zubehoer\/\" title=\"Die richtigen Wanderschuhe und Outdoorschuhe finden\">richtigen Wanderschuhe<\/a> finden m\u00f6chte, der sollte vor allem eines mitbringen: Zeit! Denn genauso, wie es unendliche viele, verschiedene Modelle von Wanderschuhen gibt, ist auch jeder Fu\u00df unterschiedlich. Pauschalaussagen sind hier nicht nur fehl am Platz, sondern k\u00f6nnen obendrein noch mit schmerzhaften Blasen an den F\u00fc\u00dfen verbunden sein.<\/strong><\/p>\n<p>[\/et_pb_text][\/et_pb_column][\/et_pb_row][\/et_pb_section][et_pb_section fb_built=&#8220;1&#8243; _builder_version=&#8220;4.16&#8243; custom_padding=&#8220;1px||0px|||&#8220; global_colors_info=&#8220;{}&#8220;][et_pb_row _builder_version=&#8220;4.16&#8243; global_colors_info=&#8220;{}&#8220;][et_pb_column type=&#8220;4_4&#8243; _builder_version=&#8220;4.16&#8243; global_colors_info=&#8220;{}&#8220;][et_pb_text _builder_version=&#8220;4.16&#8243; custom_padding=&#8220;||1px|||&#8220; global_colors_info=&#8220;{}&#8220;]Auch die Frage, wie viel Nummern gr\u00f6\u00dfer Wanderschuhe sein sollen, kann demnach nicht pauschalisiert werden. Fakt ist allerdings, dass Wander- bzw. Bergschuhe durchaus eine halbe bis ganze Nummer gr\u00f6\u00dfer gekauft werden sollten. Denn w\u00e4hrend einer Wanderung passiert nicht nur einiges mit dem Schuh, sondern eben auch mit dem Fu\u00df im Schuh![\/et_pb_text][\/et_pb_column][\/et_pb_row][et_pb_row _builder_version=&#8220;4.16&#8243; global_colors_info=&#8220;{}&#8220;][et_pb_column type=&#8220;4_4&#8243; _builder_version=&#8220;4.16&#8243; global_colors_info=&#8220;{}&#8220;][et_pb_text _builder_version=&#8220;4.16&#8243; header_2_line_height=&#8220;1.3em&#8220; global_colors_info=&#8220;{}&#8220;]<\/p>\n<h2>Nicht nur auf die Schuhgr\u00f6\u00dfe kommt es bei Wanderschuhen an \u2013 hierauf gilt es zu achten<\/h2>\n<p>[\/et_pb_text][et_pb_text _builder_version=&#8220;4.16&#8243; global_colors_info=&#8220;{}&#8220;]Bevor ihr einen Wanderschuh endg\u00fcltig kauft, solltet ihr vorab immer eine Runde in ihm gehen. So bekommt nicht nur ihr, sondern vor allem der Verk\u00e4ufer vor Ort ein Gef\u00fchl f\u00fcr die richtige Passform des Schuhs. An Mittelfu\u00df und am \u00e4u\u00dferen Teil des Fu\u00dfes sollte der Wanderschuh eng \u2013 aber eben nicht zu eng \u2013 sitzen. Der Halt, den ihr hierdurch n\u00e4mlich bekommt, hilft euch bei eurer Wanderung n\u00e4mlich sicher von A nach B zu kommen. [\/et_pb_text][et_pb_text _builder_version=&#8220;4.16&#8243; global_colors_info=&#8220;{}&#8220;]Mindestens eine Nummer gr\u00f6\u00dfer sollte der Wanderschuh allein aus dem Grund sein, da eure F\u00fc\u00dfe w\u00e4hrend einer Wanderung anschwellen. Ein Schuh, der zu Beginn der Wanderung noch perfekt sa\u00df, kann nach mehreren Stunden Wanderung schnell zu einer gef\u00fchlten Folter werden. [\/et_pb_text][et_pb_text _builder_version=&#8220;4.16&#8243; global_colors_info=&#8220;{}&#8220;]<strong>Und:<\/strong><br \/>Auch das Bergabgehen kann mit zu kleinen, von der Passform her schlechtsitzenden, Wanderschuhen zur absoluten Qual werden. Denn sp\u00e4testens dann, wenn die Zehen wiederholt vorne im Schuh ansto\u00dfen, ist f\u00fcr die meisten der anf\u00e4ngliche Spa\u00df beim Wandern komplett vergangen. [\/et_pb_text][et_pb_text _builder_version=&#8220;4.16&#8243; _module_preset=&#8220;default&#8220; global_colors_info=&#8220;{}&#8220;]Wie viel Nummern gr\u00f6\u00dfer Wanderschuhe letztendlich also sein m\u00fcssen, ist nur ein Teil der Gleichung. Gerade die Passform, aber auch die von euch ausgew\u00e4hlt Wanderroute, k\u00f6nnen einen Einfluss auf die endg\u00fcltige Gr\u00f6\u00dfe eurer Wanderschuhe nehmen.[\/et_pb_text][et_pb_text _builder_version=&#8220;4.16&#8243; global_colors_info=&#8220;{}&#8220;]<\/p>\n<p><strong>Wanderschuhe richtig einlaufen \u2013 <a href=\"https:\/\/www.schuh-keller.de\/blog\/wanderschuhe-richtig-einlaufen\/\" title=\"Wanderschuhe einlaufen\">4 Tipps zum richtigen Einlaufen!<\/a><\/strong><\/p>\n<p>[\/et_pb_text][\/et_pb_column][\/et_pb_row][et_pb_row _builder_version=&#8220;4.16&#8243; global_colors_info=&#8220;{}&#8220;][et_pb_column type=&#8220;4_4&#8243; _builder_version=&#8220;4.16&#8243; global_colors_info=&#8220;{}&#8220;][et_pb_text _builder_version=&#8220;4.16&#8243; global_colors_info=&#8220;{}&#8220;]<\/p>\n<h2>Die richtigen Wandersocken \u2013 eine Investition, die sich lohnt!<\/h2>\n<p>[\/et_pb_text][et_pb_text _builder_version=&#8220;4.16&#8243; custom_margin=&#8220;||25px|||&#8220; global_colors_info=&#8220;{}&#8220;]Zu guter Letzt sollte auch in passende Wandersocken investiert werden. Sp\u00e4testens, wenn der Schwei\u00df an den F\u00fc\u00dfen einsetzt, werden es euch eure F\u00fc\u00dfe danken! Mit den falschen Socken bleibt n\u00e4mlich nicht nur der Schwei\u00df im Schuh bzw. Socken gefangen. Naturgem\u00e4\u00df ist die falsche Sockenwahl einer der Hauptgr\u00fcnde f\u00fcr Blasenbildung an den F\u00fc\u00dfen![\/et_pb_text][\/et_pb_column][\/et_pb_row][et_pb_row _builder_version=&#8220;4.16&#8243; _module_preset=&#8220;default&#8220; global_colors_info=&#8220;{}&#8220;][et_pb_column type=&#8220;4_4&#8243; _builder_version=&#8220;4.16&#8243; _module_preset=&#8220;default&#8220; global_colors_info=&#8220;{}&#8220;][et_pb_video src=&#8220;https:\/\/www.youtube.com\/watch?v=B76veKml26s&#038;ab_channel=Schuh-Keller&#8220; _builder_version=&#8220;4.16&#8243; _module_preset=&#8220;default&#8220; global_colors_info=&#8220;{}&#8220;][\/et_pb_video][\/et_pb_column][\/et_pb_row][et_pb_row _builder_version=&#8220;4.22.1&#8243; _module_preset=&#8220;default&#8220; custom_margin=&#8220;40px|auto||auto||&#8220; global_colors_info=&#8220;{}&#8220;][et_pb_column type=&#8220;4_4&#8243; _builder_version=&#8220;4.22.1&#8243; _module_preset=&#8220;default&#8220; global_colors_info=&#8220;{}&#8220;][et_pb_text _builder_version=&#8220;4.22.1&#8243; _module_preset=&#8220;default&#8220; global_colors_info=&#8220;{}&#8220;]<\/p>\n<h3>Finde jetzt deine neuen Wanderschuhe in der richtigen Gr\u00f6\u00dfe<\/h3>\n<p>In unserem Schuh-Keller Onlineshop findest du eine riesige Auswahl an Berg- und Wanderschuhen f\u00fcr alle Einsatzgebiete. Bei jedem Schuh geben wir dir genaue Infos, welche Gr\u00f6\u00dfe f\u00fcr dich die richtige ist. Die passenden Socken findest du nat\u00fcrlich auch bei uns im Shop.<\/p>\n<p>[\/et_pb_text][\/et_pb_column][\/et_pb_row][et_pb_row column_structure=&#8220;1_3,1_3,1_3&#8243; _builder_version=&#8220;4.22.1&#8243; _module_preset=&#8220;default&#8220; global_colors_info=&#8220;{}&#8220;][et_pb_column type=&#8220;1_3&#8243; _builder_version=&#8220;4.22.1&#8243; _module_preset=&#8220;default&#8220; global_colors_info=&#8220;{}&#8220;][et_pb_text _builder_version=&#8220;4.22.1&#8243; _module_preset=&#8220;default&#8220; hover_enabled=&#8220;0&#8243; sticky_enabled=&#8220;0&#8243;]<\/p>\n<p><a href=\"https:\/\/www.schuh-keller.de\/advanced_search_result.php?keywords=LaSportiva+Nepal++Cube&amp;inc_subcat=1\"><img loading=\"lazy\" src=\"https:\/\/www.schuh-keller.de\/blog\/wp-content\/uploads\/2025\/02\/lowa_renegade_mid-300x225.jpg\" width=\"300\" height=\"225\" alt=\"Lowa Renegade Mid Wanderschuh\" class=\"wp-image-917 alignnone size-medium blog_schuhe_groesser\" \/><\/a><\/p>\n<p>[\/et_pb_text][et_pb_text _builder_version=&#8220;4.22.1&#8243; _module_preset=&#8220;default&#8220; hover_enabled=&#8220;0&#8243; global_colors_info=&#8220;{}&#8220; sticky_enabled=&#8220;0&#8243;]<\/p>\n<p style=\"text-align: center;\"><a href=\"https:\/\/www.schuh-keller.de\/advanced_search_result.php?keywords=Lowa+Renegade+MID&amp;inc_subcat=1\" class=\"blog_schuhe_groesser\">Lowa Renegade Mid<\/a><\/p>\n<p>[\/et_pb_text][\/et_pb_column][et_pb_column type=&#8220;1_3&#8243; _builder_version=&#8220;4.22.1&#8243; _module_preset=&#8220;default&#8220; global_colors_info=&#8220;{}&#8220;][et_pb_text _builder_version=&#8220;4.22.1&#8243; _module_preset=&#8220;default&#8220; hover_enabled=&#8220;0&#8243; sticky_enabled=&#8220;0&#8243;]<a href=\"https:\/\/www.schuh-keller.de\/advanced_search_result.php?keywords=Hanwag+Tatra+GTX&amp;inc_subcat=1\" ><img loading=\"lazy\" src=\"https:\/\/www.schuh-keller.de\/blog\/wp-content\/uploads\/2025\/02\/hanwag_tatra_gtx-300x225.jpg\" width=\"300\" height=\"225\" alt=\"Hanwag Tatra GTX Wanderschuh\" class=\"wp-image-915 alignnone size-medium blog_schuhe_groesser\" \/><\/a>[\/et_pb_text][et_pb_text _builder_version=&#8220;4.22.1&#8243; _module_preset=&#8220;default&#8220; link_option_url=&#8220;https:\/\/www.schuh-keller.de\/advanced_search_result.php?keywords=Hanwag+Tatra+GTX&#038;inc_subcat=1&#8243; hover_enabled=&#8220;0&#8243; global_colors_info=&#8220;{}&#8220; sticky_enabled=&#8220;0&#8243;]<\/p>\n<p style=\"text-align: center;\"><a href=\"https:\/\/www.schuh-keller.de\/advanced_search_result.php?keywords=Hanwag+Tatra+GTX&amp;inc_subcat=1\" class=\"blog_schuhe_groesser\">Hanwag Tatra GTX<\/a><\/p>\n<p>[\/et_pb_text][\/et_pb_column][et_pb_column type=&#8220;1_3&#8243; _builder_version=&#8220;4.22.1&#8243; _module_preset=&#8220;default&#8220; global_colors_info=&#8220;{}&#8220;][et_pb_text _builder_version=&#8220;4.22.1&#8243; _module_preset=&#8220;default&#8220; hover_enabled=&#8220;0&#8243; sticky_enabled=&#8220;0&#8243;]<\/p>\n<p><a href=\"https:\/\/www.schuh-keller.de\/advanced_search_result.php?keywords=LaSportiva+Nepal++Cube&amp;inc_subcat=1\" title=\"La Sportiva Nepal Cube\"><img loading=\"lazy\" src=\"https:\/\/www.schuh-keller.de\/blog\/wp-content\/uploads\/2025\/02\/lasportiva_nepal_cube-300x225.jpg\" width=\"300\" height=\"225\" alt=\"La Sportiva Nepal Cube Bergstiefel\" class=\"wp-image-916 alignnone size-medium blog_schuhe_groesser\" \/><\/a><\/p>\n<p>[\/et_pb_text][et_pb_text _builder_version=&#8220;4.22.1&#8243; _module_preset=&#8220;default&#8220; link_option_url=&#8220;https:\/\/www.schuh-keller.de\/advanced_search_result.php?keywords=LaSportiva+Nepal++Cube&#038;inc_subcat=1&#8243; hover_enabled=&#8220;0&#8243; global_colors_info=&#8220;{}&#8220; sticky_enabled=&#8220;0&#8243;]<\/p>\n<p style=\"text-align: center;\"><a href=\"https:\/\/www.schuh-keller.de\/advanced_search_result.php?keywords=LaSportiva+Nepal++Cube&amp;inc_subcat=1\" title=\"La Sportiva Nepal Cube\" class=\"blog_schuhe_groesser\">La Sportiva Nepal Cube<\/a><\/p>\n<p>[\/et_pb_text][\/et_pb_column][\/et_pb_row][\/et_pb_section]<\/p>\n","protected":false},"excerpt":{"rendered":"<p>Wer die richtigen Wanderschuhe finden m\u00f6chte, der sollte vor allem eines mitbringen: Zeit! Denn genauso, wie es unendliche viele, verschiedene Modelle von Wanderschuhen gibt, ist auch jeder Fu\u00df unterschiedlich. Pauschalaussagen sind hier nicht nur fehl am Platz, sondern k\u00f6nnen obendrein noch mit schmerzhaften Blasen an den F\u00fc\u00dfen verbunden sein.Auch die Frage, wie viel Nummern gr\u00f6\u00dfer [&hellip;]<\/p>\n","protected":false},"author":2,"featured_media":634,"comment_status":"closed","ping_status":"open","sticky":true,"template":"","format":"standard","meta":{"_et_pb_use_builder":"on","_et_pb_old_content":"<!-- wp:divi\/placeholder \/-->","_et_gb_content_width":""},"categories":[11,14],"tags":[],"yoast_head":"<!-- This site is optimized with the Yoast SEO plugin v17.8 - https:\/\/yoast.com\/wordpress\/plugins\/seo\/ -->\n<title>Wanderschuhe \u2013 wie viel Nummern gr\u00f6\u00dfer sollten sie sein? | Blog Schuh-Keller KG<\/title>\n<meta name=\"description\" content=\"Wie viel Nummern gr\u00f6\u00dfer m\u00fcssen Wanderschuhe eigentlich sein? Mindestens eine halbe bis ganze Gr\u00f6\u00dfe! Auf diese Faktoren kommt es an!\" \/>\n<meta name=\"robots\" content=\"index, follow, max-snippet:-1, max-image-preview:large, max-video-preview:-1\" \/>\n<link rel=\"canonical\" href=\"https:\/\/www.schuh-keller.de\/blog\/wanderschuhe-wie-viel-nummern-groesser\/\" \/>\n<meta property=\"og:locale\" content=\"de_DE\" \/>\n<meta property=\"og:type\" content=\"article\" \/>\n<meta property=\"og:title\" content=\"Wanderschuhe \u2013 wie viel Nummern gr\u00f6\u00dfer sollten sie sein? | Blog Schuh-Keller KG\" \/>\n<meta property=\"og:description\" content=\"Wie viel Nummern gr\u00f6\u00dfer m\u00fcssen Wanderschuhe eigentlich sein? Mindestens eine halbe bis ganze Gr\u00f6\u00dfe! Auf diese Faktoren kommt es an!\" \/>\n<meta property=\"og:url\" content=\"https:\/\/www.schuh-keller.de\/blog\/wanderschuhe-wie-viel-nummern-groesser\/\" \/>\n<meta property=\"og:site_name\" content=\"Blog Schuh-Keller KG\" \/>\n<meta property=\"article:publisher\" content=\"https:\/\/www.facebook.com\/pg\/schuhkeller.de\" \/>\n<meta property=\"article:published_time\" content=\"2020-08-05T12:42:58+00:00\" \/>\n<meta property=\"article:modified_time\" content=\"2025-02-18T17:27:03+00:00\" \/>\n<meta property=\"og:image\" content=\"https:\/\/www.schuh-keller.de\/blog\/wp-content\/uploads\/2020\/08\/header_wanderschuhe_wieviele_nummer_groesser-min.jpg\" \/>\n\t<meta property=\"og:image:width\" content=\"1080\" \/>\n\t<meta property=\"og:image:height\" content=\"675\" \/>\n<meta name=\"twitter:card\" content=\"summary_large_image\" \/>\n<meta name=\"twitter:label1\" content=\"Verfasst von\" \/>\n\t<meta name=\"twitter:data1\" content=\"Richard\" \/>\n\t<meta name=\"twitter:label2\" content=\"Gesch\u00e4tzte Lesezeit\" \/>\n\t<meta name=\"twitter:data2\" content=\"3\u00a0Minuten\" \/>\n<script type=\"application\/ld+json\" class=\"yoast-schema-graph\">{\"@context\":\"https:\/\/schema.org\",\"@graph\":[{\"@type\":\"Organization\",\"@id\":\"https:\/\/www.schuh-keller.de\/blog\/#organization\",\"name\":\"Schuh-Keller KG\",\"url\":\"https:\/\/www.schuh-keller.de\/blog\/\",\"sameAs\":[\"https:\/\/www.facebook.com\/pg\/schuhkeller.de\",\"https:\/\/www.instagram.com\/schuhkeller\/?hl=de\"],\"logo\":{\"@type\":\"ImageObject\",\"@id\":\"https:\/\/www.schuh-keller.de\/blog\/#logo\",\"inLanguage\":\"de\",\"url\":\"https:\/\/www.schuh-keller.de\/blog\/wp-content\/uploads\/2019\/09\/schuh-keller_logo_2017.png\",\"contentUrl\":\"https:\/\/www.schuh-keller.de\/blog\/wp-content\/uploads\/2019\/09\/schuh-keller_logo_2017.png\",\"width\":169,\"height\":69,\"caption\":\"Schuh-Keller KG\"},\"image\":{\"@id\":\"https:\/\/www.schuh-keller.de\/blog\/#logo\"}},{\"@type\":\"WebSite\",\"@id\":\"https:\/\/www.schuh-keller.de\/blog\/#website\",\"url\":\"https:\/\/www.schuh-keller.de\/blog\/\",\"name\":\"Blog Schuh-Keller KG\",\"description\":\"Das aktuelle Blog \\u00fcber Schuhe\",\"publisher\":{\"@id\":\"https:\/\/www.schuh-keller.de\/blog\/#organization\"},\"potentialAction\":[{\"@type\":\"SearchAction\",\"target\":{\"@type\":\"EntryPoint\",\"urlTemplate\":\"https:\/\/www.schuh-keller.de\/blog\/?s={search_term_string}\"},\"query-input\":\"required name=search_term_string\"}],\"inLanguage\":\"de\"},{\"@type\":\"ImageObject\",\"@id\":\"https:\/\/www.schuh-keller.de\/blog\/wanderschuhe-wie-viel-nummern-groesser\/#primaryimage\",\"inLanguage\":\"de\",\"url\":\"https:\/\/www.schuh-keller.de\/blog\/wp-content\/uploads\/2020\/08\/header_wanderschuhe_wieviele_nummer_groesser-min.jpg\",\"contentUrl\":\"https:\/\/www.schuh-keller.de\/blog\/wp-content\/uploads\/2020\/08\/header_wanderschuhe_wieviele_nummer_groesser-min.jpg\",\"width\":1080,\"height\":675,\"caption\":\"Wanderschuhe wieviele Nummern gr\\u00f6\\u00dfer kaufen?\"},{\"@type\":\"WebPage\",\"@id\":\"https:\/\/www.schuh-keller.de\/blog\/wanderschuhe-wie-viel-nummern-groesser\/#webpage\",\"url\":\"https:\/\/www.schuh-keller.de\/blog\/wanderschuhe-wie-viel-nummern-groesser\/\",\"name\":\"Wanderschuhe \\u2013 wie viel Nummern gr\\u00f6\\u00dfer sollten sie sein? | Blog Schuh-Keller KG\",\"isPartOf\":{\"@id\":\"https:\/\/www.schuh-keller.de\/blog\/#website\"},\"primaryImageOfPage\":{\"@id\":\"https:\/\/www.schuh-keller.de\/blog\/wanderschuhe-wie-viel-nummern-groesser\/#primaryimage\"},\"datePublished\":\"2020-08-05T12:42:58+00:00\",\"dateModified\":\"2025-02-18T17:27:03+00:00\",\"description\":\"Wie viel Nummern gr\\u00f6\\u00dfer m\\u00fcssen Wanderschuhe eigentlich sein? Mindestens eine halbe bis ganze Gr\\u00f6\\u00dfe! Auf diese Faktoren kommt es an!\",\"breadcrumb\":{\"@id\":\"https:\/\/www.schuh-keller.de\/blog\/wanderschuhe-wie-viel-nummern-groesser\/#breadcrumb\"},\"inLanguage\":\"de\",\"potentialAction\":[{\"@type\":\"ReadAction\",\"target\":[\"https:\/\/www.schuh-keller.de\/blog\/wanderschuhe-wie-viel-nummern-groesser\/\"]}]},{\"@type\":\"BreadcrumbList\",\"@id\":\"https:\/\/www.schuh-keller.de\/blog\/wanderschuhe-wie-viel-nummern-groesser\/#breadcrumb\",\"itemListElement\":[{\"@type\":\"ListItem\",\"position\":1,\"name\":\"Startseite\",\"item\":\"https:\/\/www.schuh-keller.de\/blog\/\"},{\"@type\":\"ListItem\",\"position\":2,\"name\":\"Wanderschuhe \\u2013 wie viel Nummern gr\\u00f6\\u00dfer sollten sie sein?\"}]},{\"@type\":\"Article\",\"@id\":\"https:\/\/www.schuh-keller.de\/blog\/wanderschuhe-wie-viel-nummern-groesser\/#article\",\"isPartOf\":{\"@id\":\"https:\/\/www.schuh-keller.de\/blog\/wanderschuhe-wie-viel-nummern-groesser\/#webpage\"},\"author\":{\"@id\":\"https:\/\/www.schuh-keller.de\/blog\/#\/schema\/person\/aa3b07fc993c55c27c692f5701f170a6\"},\"headline\":\"Wanderschuhe \\u2013 wie viel Nummern gr\\u00f6\\u00dfer sollten sie sein?\",\"datePublished\":\"2020-08-05T12:42:58+00:00\",\"dateModified\":\"2025-02-18T17:27:03+00:00\",\"mainEntityOfPage\":{\"@id\":\"https:\/\/www.schuh-keller.de\/blog\/wanderschuhe-wie-viel-nummern-groesser\/#webpage\"},\"wordCount\":1027,\"publisher\":{\"@id\":\"https:\/\/www.schuh-keller.de\/blog\/#organization\"},\"image\":{\"@id\":\"https:\/\/www.schuh-keller.de\/blog\/wanderschuhe-wie-viel-nummern-groesser\/#primaryimage\"},\"thumbnailUrl\":\"https:\/\/www.schuh-keller.de\/blog\/wp-content\/uploads\/2020\/08\/header_wanderschuhe_wieviele_nummer_groesser-min.jpg\",\"articleSection\":[\"Wandern f\\u00fcr Anf\\u00e4nger\",\"Wanderschuhe\"],\"inLanguage\":\"de\"},{\"@type\":\"Person\",\"@id\":\"https:\/\/www.schuh-keller.de\/blog\/#\/schema\/person\/aa3b07fc993c55c27c692f5701f170a6\",\"name\":\"Richard\",\"image\":{\"@type\":\"ImageObject\",\"@id\":\"https:\/\/www.schuh-keller.de\/blog\/#personlogo\",\"inLanguage\":\"de\",\"url\":\"https:\/\/secure.gravatar.com\/avatar\/ad320097e0d61e6a8437e19ebb37fdd4?s=96&d=mm&r=g\",\"contentUrl\":\"https:\/\/secure.gravatar.com\/avatar\/ad320097e0d61e6a8437e19ebb37fdd4?s=96&d=mm&r=g\",\"caption\":\"Richard\"}}]}<\/script>\n<!-- \/ Yoast SEO plugin. -->","yoast_head_json":{"title":"Wanderschuhe \u2013 wie viel Nummern gr\u00f6\u00dfer sollten sie sein? | Blog Schuh-Keller KG","description":"Wie viel Nummern gr\u00f6\u00dfer m\u00fcssen Wanderschuhe eigentlich sein? Mindestens eine halbe bis ganze Gr\u00f6\u00dfe! Auf diese Faktoren kommt es an!","robots":{"index":"index","follow":"follow","max-snippet":"max-snippet:-1","max-image-preview":"max-image-preview:large","max-video-preview":"max-video-preview:-1"},"canonical":"https:\/\/www.schuh-keller.de\/blog\/wanderschuhe-wie-viel-nummern-groesser\/","og_locale":"de_DE","og_type":"article","og_title":"Wanderschuhe \u2013 wie viel Nummern gr\u00f6\u00dfer sollten sie sein? | Blog Schuh-Keller KG","og_description":"Wie viel Nummern gr\u00f6\u00dfer m\u00fcssen Wanderschuhe eigentlich sein? Mindestens eine halbe bis ganze Gr\u00f6\u00dfe! Auf diese Faktoren kommt es an!","og_url":"https:\/\/www.schuh-keller.de\/blog\/wanderschuhe-wie-viel-nummern-groesser\/","og_site_name":"Blog Schuh-Keller KG","article_publisher":"https:\/\/www.facebook.com\/pg\/schuhkeller.de","article_published_time":"2020-08-05T12:42:58+00:00","article_modified_time":"2025-02-18T17:27:03+00:00","og_image":[{"width":1080,"height":675,"url":"https:\/\/www.schuh-keller.de\/blog\/wp-content\/uploads\/2020\/08\/header_wanderschuhe_wieviele_nummer_groesser-min.jpg","type":"image\/jpeg"}],"twitter_card":"summary_large_image","twitter_misc":{"Verfasst von":"Richard","Gesch\u00e4tzte Lesezeit":"3\u00a0Minuten"},"schema":{"@context":"https:\/\/schema.org","@graph":[{"@type":"Organization","@id":"https:\/\/www.schuh-keller.de\/blog\/#organization","name":"Schuh-Keller KG","url":"https:\/\/www.schuh-keller.de\/blog\/","sameAs":["https:\/\/www.facebook.com\/pg\/schuhkeller.de","https:\/\/www.instagram.com\/schuhkeller\/?hl=de"],"logo":{"@type":"ImageObject","@id":"https:\/\/www.schuh-keller.de\/blog\/#logo","inLanguage":"de","url":"https:\/\/www.schuh-keller.de\/blog\/wp-content\/uploads\/2019\/09\/schuh-keller_logo_2017.png","contentUrl":"https:\/\/www.schuh-keller.de\/blog\/wp-content\/uploads\/2019\/09\/schuh-keller_logo_2017.png","width":169,"height":69,"caption":"Schuh-Keller KG"},"image":{"@id":"https:\/\/www.schuh-keller.de\/blog\/#logo"}},{"@type":"WebSite","@id":"https:\/\/www.schuh-keller.de\/blog\/#website","url":"https:\/\/www.schuh-keller.de\/blog\/","name":"Blog Schuh-Keller KG","description":"Das aktuelle Blog \u00fcber Schuhe","publisher":{"@id":"https:\/\/www.schuh-keller.de\/blog\/#organization"},"potentialAction":[{"@type":"SearchAction","target":{"@type":"EntryPoint","urlTemplate":"https:\/\/www.schuh-keller.de\/blog\/?s={search_term_string}"},"query-input":"required name=search_term_string"}],"inLanguage":"de"},{"@type":"ImageObject","@id":"https:\/\/www.schuh-keller.de\/blog\/wanderschuhe-wie-viel-nummern-groesser\/#primaryimage","inLanguage":"de","url":"https:\/\/www.schuh-keller.de\/blog\/wp-content\/uploads\/2020\/08\/header_wanderschuhe_wieviele_nummer_groesser-min.jpg","contentUrl":"https:\/\/www.schuh-keller.de\/blog\/wp-content\/uploads\/2020\/08\/header_wanderschuhe_wieviele_nummer_groesser-min.jpg","width":1080,"height":675,"caption":"Wanderschuhe wieviele Nummern gr\u00f6\u00dfer kaufen?"},{"@type":"WebPage","@id":"https:\/\/www.schuh-keller.de\/blog\/wanderschuhe-wie-viel-nummern-groesser\/#webpage","url":"https:\/\/www.schuh-keller.de\/blog\/wanderschuhe-wie-viel-nummern-groesser\/","name":"Wanderschuhe \u2013 wie viel Nummern gr\u00f6\u00dfer sollten sie sein? | Blog Schuh-Keller KG","isPartOf":{"@id":"https:\/\/www.schuh-keller.de\/blog\/#website"},"primaryImageOfPage":{"@id":"https:\/\/www.schuh-keller.de\/blog\/wanderschuhe-wie-viel-nummern-groesser\/#primaryimage"},"datePublished":"2020-08-05T12:42:58+00:00","dateModified":"2025-02-18T17:27:03+00:00","description":"Wie viel Nummern gr\u00f6\u00dfer m\u00fcssen Wanderschuhe eigentlich sein? Mindestens eine halbe bis ganze Gr\u00f6\u00dfe! Auf diese Faktoren kommt es an!","breadcrumb":{"@id":"https:\/\/www.schuh-keller.de\/blog\/wanderschuhe-wie-viel-nummern-groesser\/#breadcrumb"},"inLanguage":"de","potentialAction":[{"@type":"ReadAction","target":["https:\/\/www.schuh-keller.de\/blog\/wanderschuhe-wie-viel-nummern-groesser\/"]}]},{"@type":"BreadcrumbList","@id":"https:\/\/www.schuh-keller.de\/blog\/wanderschuhe-wie-viel-nummern-groesser\/#breadcrumb","itemListElement":[{"@type":"ListItem","position":1,"name":"Startseite","item":"https:\/\/www.schuh-keller.de\/blog\/"},{"@type":"ListItem","position":2,"name":"Wanderschuhe \u2013 wie viel Nummern gr\u00f6\u00dfer sollten sie sein?"}]},{"@type":"Article","@id":"https:\/\/www.schuh-keller.de\/blog\/wanderschuhe-wie-viel-nummern-groesser\/#article","isPartOf":{"@id":"https:\/\/www.schuh-keller.de\/blog\/wanderschuhe-wie-viel-nummern-groesser\/#webpage"},"author":{"@id":"https:\/\/www.schuh-keller.de\/blog\/#\/schema\/person\/aa3b07fc993c55c27c692f5701f170a6"},"headline":"Wanderschuhe \u2013 wie viel Nummern gr\u00f6\u00dfer sollten sie sein?","datePublished":"2020-08-05T12:42:58+00:00","dateModified":"2025-02-18T17:27:03+00:00","mainEntityOfPage":{"@id":"https:\/\/www.schuh-keller.de\/blog\/wanderschuhe-wie-viel-nummern-groesser\/#webpage"},"wordCount":1027,"publisher":{"@id":"https:\/\/www.schuh-keller.de\/blog\/#organization"},"image":{"@id":"https:\/\/www.schuh-keller.de\/blog\/wanderschuhe-wie-viel-nummern-groesser\/#primaryimage"},"thumbnailUrl":"https:\/\/www.schuh-keller.de\/blog\/wp-content\/uploads\/2020\/08\/header_wanderschuhe_wieviele_nummer_groesser-min.jpg","articleSection":["Wandern f\u00fcr Anf\u00e4nger","Wanderschuhe"],"inLanguage":"de"},{"@type":"Person","@id":"https:\/\/www.schuh-keller.de\/blog\/#\/schema\/person\/aa3b07fc993c55c27c692f5701f170a6","name":"Richard","image":{"@type":"ImageObject","@id":"https:\/\/www.schuh-keller.de\/blog\/#personlogo","inLanguage":"de","url":"https:\/\/secure.gravatar.com\/avatar\/ad320097e0d61e6a8437e19ebb37fdd4?s=96&d=mm&r=g","contentUrl":"https:\/\/secure.gravatar.com\/avatar\/ad320097e0d61e6a8437e19ebb37fdd4?s=96&d=mm&r=g","caption":"Richard"}}]}},"_links":{"self":[{"href":"https:\/\/www.schuh-keller.de\/blog\/wp-json\/wp\/v2\/posts\/632"}],"collection":[{"href":"https:\/\/www.schuh-keller.de\/blog\/wp-json\/wp\/v2\/posts"}],"about":[{"href":"https:\/\/www.schuh-keller.de\/blog\/wp-json\/wp\/v2\/types\/post"}],"author":[{"embeddable":true,"href":"https:\/\/www.schuh-keller.de\/blog\/wp-json\/wp\/v2\/users\/2"}],"replies":[{"embeddable":true,"href":"https:\/\/www.schuh-keller.de\/blog\/wp-json\/wp\/v2\/comments?post=632"}],"version-history":[{"count":29,"href":"https:\/\/www.schuh-keller.de\/blog\/wp-json\/wp\/v2\/posts\/632\/revisions"}],"predecessor-version":[{"id":939,"href":"https:\/\/www.schuh-keller.de\/blog\/wp-json\/wp\/v2\/posts\/632\/revisions\/939"}],"wp:featuredmedia":[{"embeddable":true,"href":"https:\/\/www.schuh-keller.de\/blog\/wp-json\/wp\/v2\/media\/634"}],"wp:attachment":[{"href":"https:\/\/www.schuh-keller.de\/blog\/wp-json\/wp\/v2\/media?parent=632"}],"wp:term":[{"taxonomy":"category","embeddable":true,"href":"https:\/\/www.schuh-keller.de\/blog\/wp-json\/wp\/v2\/categories?post=632"},{"taxonomy":"post_tag","embeddable":true,"href":"https:\/\/www.schuh-keller.de\/blog\/wp-json\/wp\/v2\/tags?post=632"}],"curies":[{"name":"wp","href":"https:\/\/api.w.org\/{rel}","templated":true}]}}