{"id":255,"date":"2019-10-01T18:00:51","date_gmt":"2019-10-01T16:00:51","guid":{"rendered":"https:\/\/www.schuh-keller.de\/blog\/?p=255"},"modified":"2019-10-16T18:02:08","modified_gmt":"2019-10-16T16:02:08","slug":"optimale-schuhe-fuer-problemfuesse","status":"publish","type":"post","link":"https:\/\/www.schuh-keller.de\/blog\/optimale-schuhe-fuer-problemfuesse\/","title":{"rendered":"Optimale Schuhe f\u00fcr Problemf\u00fc\u00dfe"},"content":{"rendered":"<p>[et_pb_section fb_built=&#8220;1&#8243; _builder_version=&#8220;3.29.3&#8243; custom_padding=&#8220;20px|20px|20px|20px|false|false&#8220; top_divider_height_last_edited=&#8220;on|desktop&#8220; bottom_divider_color=&#8220;rgba(131,0,233,0.14)&#8220; bottom_divider_height=&#8220;61px&#8220; bottom_divider_repeat=&#8220;2x&#8220; box_shadow_style=&#8220;preset2&#8243; fb_built=&#8220;1&#8243; _i=&#8220;0&#8243; _address=&#8220;0&#8243;][et_pb_row _builder_version=&#8220;3.29.3&#8243; custom_margin=&#8220;||30px||false|false&#8220; _i=&#8220;0&#8243; _address=&#8220;0.0&#8243;][et_pb_column type=&#8220;4_4&#8243; _builder_version=&#8220;3.29.3&#8243; _i=&#8220;0&#8243; _address=&#8220;0.0.0&#8243;][et_pb_text _builder_version=&#8220;3.29.3&#8243; hover_enabled=&#8220;0&#8243; _i=&#8220;0&#8243; _address=&#8220;0.0.0.0&#8243;]Sehr geehrte Damen und Herren,<\/p>\n<p>\t\tim Februar kaufte ich bei Ihnen Schuhe (Raichle Mt. Peak) per Telefon. Nach einer Wanderung &uuml;ber etwas mehr als 1000 km m&ouml;chte ich mich heute herzlich bedanken f&uuml;r die ausgezeichnete Beratung und den Service beim Versand (Anprobieren verschiedener Modelle). Am Telefon waren die Damen kompetent, charmant, geduldig, h&ouml;flich und gleichzeitig zielorientiert. Ich habe f&uuml;r meine problematischen F&uuml;&szlig;e und f&uuml;r die geplante Wanderstrecke die optimalen Schuhe erhalten. Ich bin mir sicher, dass ich nirgendwo anders besser bedient worden w&auml;re. Ich habe Ihr Gesch&auml;ft mehrfach empfohlen und werde dies auch weiterhin tun.<\/p>\n<p>\t\tMit freundlichen Gr&uuml;&szlig;en<br \/>\n\t\t<em>Erhard B., M&ouml;nchengladbach<\/em>[\/et_pb_text][\/et_pb_column][\/et_pb_row][\/et_pb_section][et_pb_section fb_built=&#8220;1&#8243; _builder_version=&#8220;3.29.3&#8243; top_divider_style=&#8220;ramp&#8220; top_divider_color=&#8220;rgba(131,0,233,0.12)&#8220; top_divider_height=&#8220;82px&#8220; top_divider_flip=&#8220;vertical&#8220; fb_built=&#8220;1&#8243; _i=&#8220;1&#8243; _address=&#8220;1&#8243;][et_pb_row _builder_version=&#8220;3.29.3&#8243; _i=&#8220;0&#8243; _address=&#8220;1.0&#8243;][et_pb_column type=&#8220;4_4&#8243; _builder_version=&#8220;3.29.3&#8243; _i=&#8220;0&#8243; _address=&#8220;1.0.0&#8243;][et_pb_text _builder_version=&#8220;3.29.3&#8243; _i=&#8220;0&#8243; _address=&#8220;1.0.0.0&#8243;][\/et_pb_text][\/et_pb_column][\/et_pb_row][\/et_pb_section]<\/p>\n","protected":false},"excerpt":{"rendered":"<p>Sehr geehrte Damen und Herren, im Februar kaufte ich bei Ihnen Schuhe (Raichle Mt. Peak) per Telefon. Nach einer Wanderung &uuml;ber etwas mehr als 1000 km m&ouml;chte ich mich heute herzlich bedanken f&uuml;r die ausgezeichnete Beratung und den Service beim Versand (Anprobieren verschiedener Modelle). Am Telefon waren die Damen kompetent, charmant, geduldig, h&ouml;flich und gleichzeitig [&hellip;]<\/p>\n","protected":false},"author":2,"featured_media":0,"comment_status":"closed","ping_status":"open","sticky":false,"template":"","format":"standard","meta":{"_et_pb_use_builder":"on","_et_pb_old_content":"","_et_gb_content_width":""},"categories":[17],"tags":[],"yoast_head":"<!-- This site is optimized with the Yoast SEO plugin v17.8 - https:\/\/yoast.com\/wordpress\/plugins\/seo\/ -->\n<title>Optimale Schuhe f\u00fcr Problemf\u00fc\u00dfe | Blog Schuh-Keller KG<\/title>\n<meta name=\"robots\" content=\"index, follow, max-snippet:-1, max-image-preview:large, max-video-preview:-1\" \/>\n<link rel=\"canonical\" href=\"https:\/\/www.schuh-keller.de\/blog\/optimale-schuhe-fuer-problemfuesse\/\" \/>\n<meta property=\"og:locale\" content=\"de_DE\" \/>\n<meta property=\"og:type\" content=\"article\" \/>\n<meta property=\"og:title\" content=\"Optimale Schuhe f\u00fcr Problemf\u00fc\u00dfe | Blog Schuh-Keller KG\" \/>\n<meta property=\"og:description\" content=\"Sehr geehrte Damen und Herren, im Februar kaufte ich bei Ihnen Schuhe (Raichle Mt. Peak) per Telefon. Nach einer Wanderung &uuml;ber etwas mehr als 1000 km m&ouml;chte ich mich heute herzlich bedanken f&uuml;r die ausgezeichnete Beratung und den Service beim Versand (Anprobieren verschiedener Modelle). Am Telefon waren die Damen kompetent, charmant, geduldig, h&ouml;flich und gleichzeitig [&hellip;]\" \/>\n<meta property=\"og:url\" content=\"https:\/\/www.schuh-keller.de\/blog\/optimale-schuhe-fuer-problemfuesse\/\" \/>\n<meta property=\"og:site_name\" content=\"Blog Schuh-Keller KG\" \/>\n<meta property=\"article:publisher\" content=\"https:\/\/www.facebook.com\/pg\/schuhkeller.de\" \/>\n<meta property=\"article:published_time\" content=\"2019-10-01T16:00:51+00:00\" \/>\n<meta property=\"article:modified_time\" content=\"2019-10-16T16:02:08+00:00\" \/>\n<meta property=\"og:image\" content=\"https:\/\/www.schuh-keller.de\/blog\/wp-content\/uploads\/2019\/09\/schuh-keller_logo_2017.png\" \/>\n\t<meta property=\"og:image:width\" content=\"169\" \/>\n\t<meta property=\"og:image:height\" content=\"69\" \/>\n<meta name=\"twitter:card\" content=\"summary_large_image\" \/>\n<meta name=\"twitter:label1\" content=\"Verfasst von\" \/>\n\t<meta name=\"twitter:data1\" content=\"Richard\" \/>\n\t<meta name=\"twitter:label2\" content=\"Gesch\u00e4tzte Lesezeit\" \/>\n\t<meta name=\"twitter:data2\" content=\"1\u00a0Minute\" \/>\n<script type=\"application\/ld+json\" class=\"yoast-schema-graph\">{\"@context\":\"https:\/\/schema.org\",\"@graph\":[{\"@type\":\"Organization\",\"@id\":\"https:\/\/www.schuh-keller.de\/blog\/#organization\",\"name\":\"Schuh-Keller KG\",\"url\":\"https:\/\/www.schuh-keller.de\/blog\/\",\"sameAs\":[\"https:\/\/www.facebook.com\/pg\/schuhkeller.de\",\"https:\/\/www.instagram.com\/schuhkeller\/?hl=de\"],\"logo\":{\"@type\":\"ImageObject\",\"@id\":\"https:\/\/www.schuh-keller.de\/blog\/#logo\",\"inLanguage\":\"de\",\"url\":\"https:\/\/www.schuh-keller.de\/blog\/wp-content\/uploads\/2019\/09\/schuh-keller_logo_2017.png\",\"contentUrl\":\"https:\/\/www.schuh-keller.de\/blog\/wp-content\/uploads\/2019\/09\/schuh-keller_logo_2017.png\",\"width\":169,\"height\":69,\"caption\":\"Schuh-Keller KG\"},\"image\":{\"@id\":\"https:\/\/www.schuh-keller.de\/blog\/#logo\"}},{\"@type\":\"WebSite\",\"@id\":\"https:\/\/www.schuh-keller.de\/blog\/#website\",\"url\":\"https:\/\/www.schuh-keller.de\/blog\/\",\"name\":\"Blog Schuh-Keller KG\",\"description\":\"Das aktuelle Blog \\u00fcber Schuhe\",\"publisher\":{\"@id\":\"https:\/\/www.schuh-keller.de\/blog\/#organization\"},\"potentialAction\":[{\"@type\":\"SearchAction\",\"target\":{\"@type\":\"EntryPoint\",\"urlTemplate\":\"https:\/\/www.schuh-keller.de\/blog\/?s={search_term_string}\"},\"query-input\":\"required name=search_term_string\"}],\"inLanguage\":\"de\"},{\"@type\":\"WebPage\",\"@id\":\"https:\/\/www.schuh-keller.de\/blog\/optimale-schuhe-fuer-problemfuesse\/#webpage\",\"url\":\"https:\/\/www.schuh-keller.de\/blog\/optimale-schuhe-fuer-problemfuesse\/\",\"name\":\"Optimale Schuhe f\\u00fcr Problemf\\u00fc\\u00dfe | Blog Schuh-Keller KG\",\"isPartOf\":{\"@id\":\"https:\/\/www.schuh-keller.de\/blog\/#website\"},\"datePublished\":\"2019-10-01T16:00:51+00:00\",\"dateModified\":\"2019-10-16T16:02:08+00:00\",\"breadcrumb\":{\"@id\":\"https:\/\/www.schuh-keller.de\/blog\/optimale-schuhe-fuer-problemfuesse\/#breadcrumb\"},\"inLanguage\":\"de\",\"potentialAction\":[{\"@type\":\"ReadAction\",\"target\":[\"https:\/\/www.schuh-keller.de\/blog\/optimale-schuhe-fuer-problemfuesse\/\"]}]},{\"@type\":\"BreadcrumbList\",\"@id\":\"https:\/\/www.schuh-keller.de\/blog\/optimale-schuhe-fuer-problemfuesse\/#breadcrumb\",\"itemListElement\":[{\"@type\":\"ListItem\",\"position\":1,\"name\":\"Startseite\",\"item\":\"https:\/\/www.schuh-keller.de\/blog\/\"},{\"@type\":\"ListItem\",\"position\":2,\"name\":\"Optimale Schuhe f\\u00fcr Problemf\\u00fc\\u00dfe\"}]},{\"@type\":\"Article\",\"@id\":\"https:\/\/www.schuh-keller.de\/blog\/optimale-schuhe-fuer-problemfuesse\/#article\",\"isPartOf\":{\"@id\":\"https:\/\/www.schuh-keller.de\/blog\/optimale-schuhe-fuer-problemfuesse\/#webpage\"},\"author\":{\"@id\":\"https:\/\/www.schuh-keller.de\/blog\/#\/schema\/person\/aa3b07fc993c55c27c692f5701f170a6\"},\"headline\":\"Optimale Schuhe f\\u00fcr Problemf\\u00fc\\u00dfe\",\"datePublished\":\"2019-10-01T16:00:51+00:00\",\"dateModified\":\"2019-10-16T16:02:08+00:00\",\"mainEntityOfPage\":{\"@id\":\"https:\/\/www.schuh-keller.de\/blog\/optimale-schuhe-fuer-problemfuesse\/#webpage\"},\"wordCount\":273,\"publisher\":{\"@id\":\"https:\/\/www.schuh-keller.de\/blog\/#organization\"},\"articleSection\":[\"Kundenerfahrungen\"],\"inLanguage\":\"de\"},{\"@type\":\"Person\",\"@id\":\"https:\/\/www.schuh-keller.de\/blog\/#\/schema\/person\/aa3b07fc993c55c27c692f5701f170a6\",\"name\":\"Richard\",\"image\":{\"@type\":\"ImageObject\",\"@id\":\"https:\/\/www.schuh-keller.de\/blog\/#personlogo\",\"inLanguage\":\"de\",\"url\":\"https:\/\/secure.gravatar.com\/avatar\/ad320097e0d61e6a8437e19ebb37fdd4?s=96&d=mm&r=g\",\"contentUrl\":\"https:\/\/secure.gravatar.com\/avatar\/ad320097e0d61e6a8437e19ebb37fdd4?s=96&d=mm&r=g\",\"caption\":\"Richard\"}}]}<\/script>\n<!-- \/ Yoast SEO plugin. -->","yoast_head_json":{"title":"Optimale Schuhe f\u00fcr Problemf\u00fc\u00dfe | Blog Schuh-Keller KG","robots":{"index":"index","follow":"follow","max-snippet":"max-snippet:-1","max-image-preview":"max-image-preview:large","max-video-preview":"max-video-preview:-1"},"canonical":"https:\/\/www.schuh-keller.de\/blog\/optimale-schuhe-fuer-problemfuesse\/","og_locale":"de_DE","og_type":"article","og_title":"Optimale Schuhe f\u00fcr Problemf\u00fc\u00dfe | Blog Schuh-Keller KG","og_description":"Sehr geehrte Damen und Herren, im Februar kaufte ich bei Ihnen Schuhe (Raichle Mt. Peak) per Telefon. Nach einer Wanderung &uuml;ber etwas mehr als 1000 km m&ouml;chte ich mich heute herzlich bedanken f&uuml;r die ausgezeichnete Beratung und den Service beim Versand (Anprobieren verschiedener Modelle). Am Telefon waren die Damen kompetent, charmant, geduldig, h&ouml;flich und gleichzeitig [&hellip;]","og_url":"https:\/\/www.schuh-keller.de\/blog\/optimale-schuhe-fuer-problemfuesse\/","og_site_name":"Blog Schuh-Keller KG","article_publisher":"https:\/\/www.facebook.com\/pg\/schuhkeller.de","article_published_time":"2019-10-01T16:00:51+00:00","article_modified_time":"2019-10-16T16:02:08+00:00","og_image":[{"width":169,"height":69,"url":"https:\/\/www.schuh-keller.de\/blog\/wp-content\/uploads\/2019\/09\/schuh-keller_logo_2017.png","type":"image\/png"}],"twitter_card":"summary_large_image","twitter_misc":{"Verfasst von":"Richard","Gesch\u00e4tzte Lesezeit":"1\u00a0Minute"},"schema":{"@context":"https:\/\/schema.org","@graph":[{"@type":"Organization","@id":"https:\/\/www.schuh-keller.de\/blog\/#organization","name":"Schuh-Keller KG","url":"https:\/\/www.schuh-keller.de\/blog\/","sameAs":["https:\/\/www.facebook.com\/pg\/schuhkeller.de","https:\/\/www.instagram.com\/schuhkeller\/?hl=de"],"logo":{"@type":"ImageObject","@id":"https:\/\/www.schuh-keller.de\/blog\/#logo","inLanguage":"de","url":"https:\/\/www.schuh-keller.de\/blog\/wp-content\/uploads\/2019\/09\/schuh-keller_logo_2017.png","contentUrl":"https:\/\/www.schuh-keller.de\/blog\/wp-content\/uploads\/2019\/09\/schuh-keller_logo_2017.png","width":169,"height":69,"caption":"Schuh-Keller KG"},"image":{"@id":"https:\/\/www.schuh-keller.de\/blog\/#logo"}},{"@type":"WebSite","@id":"https:\/\/www.schuh-keller.de\/blog\/#website","url":"https:\/\/www.schuh-keller.de\/blog\/","name":"Blog Schuh-Keller KG","description":"Das aktuelle Blog \u00fcber Schuhe","publisher":{"@id":"https:\/\/www.schuh-keller.de\/blog\/#organization"},"potentialAction":[{"@type":"SearchAction","target":{"@type":"EntryPoint","urlTemplate":"https:\/\/www.schuh-keller.de\/blog\/?s={search_term_string}"},"query-input":"required name=search_term_string"}],"inLanguage":"de"},{"@type":"WebPage","@id":"https:\/\/www.schuh-keller.de\/blog\/optimale-schuhe-fuer-problemfuesse\/#webpage","url":"https:\/\/www.schuh-keller.de\/blog\/optimale-schuhe-fuer-problemfuesse\/","name":"Optimale Schuhe f\u00fcr Problemf\u00fc\u00dfe | Blog Schuh-Keller KG","isPartOf":{"@id":"https:\/\/www.schuh-keller.de\/blog\/#website"},"datePublished":"2019-10-01T16:00:51+00:00","dateModified":"2019-10-16T16:02:08+00:00","breadcrumb":{"@id":"https:\/\/www.schuh-keller.de\/blog\/optimale-schuhe-fuer-problemfuesse\/#breadcrumb"},"inLanguage":"de","potentialAction":[{"@type":"ReadAction","target":["https:\/\/www.schuh-keller.de\/blog\/optimale-schuhe-fuer-problemfuesse\/"]}]},{"@type":"BreadcrumbList","@id":"https:\/\/www.schuh-keller.de\/blog\/optimale-schuhe-fuer-problemfuesse\/#breadcrumb","itemListElement":[{"@type":"ListItem","position":1,"name":"Startseite","item":"https:\/\/www.schuh-keller.de\/blog\/"},{"@type":"ListItem","position":2,"name":"Optimale Schuhe f\u00fcr Problemf\u00fc\u00dfe"}]},{"@type":"Article","@id":"https:\/\/www.schuh-keller.de\/blog\/optimale-schuhe-fuer-problemfuesse\/#article","isPartOf":{"@id":"https:\/\/www.schuh-keller.de\/blog\/optimale-schuhe-fuer-problemfuesse\/#webpage"},"author":{"@id":"https:\/\/www.schuh-keller.de\/blog\/#\/schema\/person\/aa3b07fc993c55c27c692f5701f170a6"},"headline":"Optimale Schuhe f\u00fcr Problemf\u00fc\u00dfe","datePublished":"2019-10-01T16:00:51+00:00","dateModified":"2019-10-16T16:02:08+00:00","mainEntityOfPage":{"@id":"https:\/\/www.schuh-keller.de\/blog\/optimale-schuhe-fuer-problemfuesse\/#webpage"},"wordCount":273,"publisher":{"@id":"https:\/\/www.schuh-keller.de\/blog\/#organization"},"articleSection":["Kundenerfahrungen"],"inLanguage":"de"},{"@type":"Person","@id":"https:\/\/www.schuh-keller.de\/blog\/#\/schema\/person\/aa3b07fc993c55c27c692f5701f170a6","name":"Richard","image":{"@type":"ImageObject","@id":"https:\/\/www.schuh-keller.de\/blog\/#personlogo","inLanguage":"de","url":"https:\/\/secure.gravatar.com\/avatar\/ad320097e0d61e6a8437e19ebb37fdd4?s=96&d=mm&r=g","contentUrl":"https:\/\/secure.gravatar.com\/avatar\/ad320097e0d61e6a8437e19ebb37fdd4?s=96&d=mm&r=g","caption":"Richard"}}]}},"_links":{"self":[{"href":"https:\/\/www.schuh-keller.de\/blog\/wp-json\/wp\/v2\/posts\/255"}],"collection":[{"href":"https:\/\/www.schuh-keller.de\/blog\/wp-json\/wp\/v2\/posts"}],"about":[{"href":"https:\/\/www.schuh-keller.de\/blog\/wp-json\/wp\/v2\/types\/post"}],"author":[{"embeddable":true,"href":"https:\/\/www.schuh-keller.de\/blog\/wp-json\/wp\/v2\/users\/2"}],"replies":[{"embeddable":true,"href":"https:\/\/www.schuh-keller.de\/blog\/wp-json\/wp\/v2\/comments?post=255"}],"version-history":[{"count":2,"href":"https:\/\/www.schuh-keller.de\/blog\/wp-json\/wp\/v2\/posts\/255\/revisions"}],"predecessor-version":[{"id":257,"href":"https:\/\/www.schuh-keller.de\/blog\/wp-json\/wp\/v2\/posts\/255\/revisions\/257"}],"wp:attachment":[{"href":"https:\/\/www.schuh-keller.de\/blog\/wp-json\/wp\/v2\/media?parent=255"}],"wp:term":[{"taxonomy":"category","embeddable":true,"href":"https:\/\/www.schuh-keller.de\/blog\/wp-json\/wp\/v2\/categories?post=255"},{"taxonomy":"post_tag","embeddable":true,"href":"https:\/\/www.schuh-keller.de\/blog\/wp-json\/wp\/v2\/tags?post=255"}],"curies":[{"name":"wp","href":"https:\/\/api.w.org\/{rel}","templated":true}]}}